{"id":20634,"date":"2020-11-28T16:26:55","date_gmt":"2020-11-28T22:26:55","guid":{"rendered":"http:\/\/www.zonaroja.com.mx\/?p=20634"},"modified":"2020-11-28T16:26:59","modified_gmt":"2020-11-28T22:26:59","slug":"destacan-oaxaquenas-en-entrega-del-premio-nacional-de-periodismo","status":"publish","type":"post","link":"https:\/\/zonaroja.com.mx\/?p=20634","title":{"rendered":"Destacan oaxaque\u00f1as en entrega del Premio Nacional de Periodismo"},"content":{"rendered":"\n<p>Evlin Arag\u00f3n\/Zona Roja.<\/p>\n\n\n\n<p>Oaxaca de Ju\u00e1rez, Oax., 28 de noviembre de 2020.- Debido a la pandemia de Covid, este viernes se llev\u00f3 a cabo de manera virtual la ceremonia de entrega del Premio Nacional de Periodismo 2019, conducida por la periodista Carmen Aristegui, mediante la cual fueron reconocidos los ganadores y ganadoras  del certamen que recibi\u00f3 un total de mil 290 trabajos.<\/p>\n\n\n\n<p>Es la primera vez que las mujeres galardonadas superaron en n\u00famero a los hombres; la m\u00e1s reciente emisi\u00f3n del premio reconoci\u00f3 las historias sobre desapariciones, problemas ambientales y minor\u00edas ind\u00edgenas, adem\u00e1s de la trayectoria de Alma Guillermoprieto por su labor de dimensi\u00f3n internacional, marcada por la honestidad, la humildad y el compromiso.<\/p>\n\n\n\n<p>Durante la ceremonia en la que particip\u00f3 el rector de la UABJO, Eduardo Bautista Mart\u00ednez, la presidenta del jurado calificador, la periodista oaxaque\u00f1a Soledad Jarqu\u00edn Edgar, asegur\u00f3 que se premi\u00f3 a los mejores dentro de los mejores, mismos que representan una muestra de la calidad del periodismo en M\u00e9xico, el cual se sobrepone a dos grandes retos: la inseguridad y la precariedad.<\/p>\n\n\n\n<p>De acuerdo con la comunicadora , los trabajos postulados reflejan al 2019, puesto que muestra un pa\u00eds que se duele por la violencia generalizada y espec\u00edfica contra las mujeres, que mantiene grandes rezagos y pobreza que sigue lastimando, sin dejar de lado la indolencia de quienes desde distintos poderes disponen de los recursos p\u00fablicos en perjuicio de la poblaci\u00f3n.<\/p>\n\n\n\n<p>Pero tambi\u00e9n qued\u00f3 registrada la esperanza, alegr\u00eda, confianza y esfuerzo de hombres y mujeres que desde distintos lugares y \u00e1mbitos construyen con sus aportes, lo anterior dijo refleja que en M\u00e9xico gana terreno el periodismo que cuenta la vida de las personas lejos del poder o los poderes.<\/p>\n\n\n\n<figure class=\"wp-block-embed-twitter wp-block-embed is-type-rich is-provider-twitter\"><div class=\"wp-block-embed__wrapper\">\n<div class=\"twitter-tweet\"><blockquote class=\"twitter-tweet\" data-lang=\"es\"><p lang=\"es\" dir=\"ltr\">(2) A su vez, durante su mensaje, la presidenta del jurado del Premio Nacional de Periodismo, <a href=\"https:\/\/twitter.com\/jarquinedgar?ref_src=twsrc%5Etfw\">@jarquinedgar<\/a>, reconoci\u00f3 el trabajo de las y los galardonados y dijo que son tiempos de seguir apostado por un periodismo alejado del poder y cercano a las causas de la sociedad. <a href=\"https:\/\/t.co\/jvjstI3FIi\">pic.twitter.com\/jvjstI3FIi<\/a><\/p>&mdash; Zona Roja Oaxaca (@MexRoja) <a href=\"https:\/\/twitter.com\/MexRoja\/status\/1332752736216113159?ref_src=twsrc%5Etfw\">28 de noviembre de 2020<\/a><\/blockquote><\/div>\n<\/div><\/figure>\n\n\n\n<p>\u201cEs una transformaci\u00f3n que ciertamente resulta inc\u00f3moda y molesta a los poderes, sobre todo al pol\u00edtico, de ah\u00ed que este viejo y noble oficio de informar les parezca peligroso. Por ello honramos la memoria de nuestra compa\u00f1eras y compa\u00f1eros asesinados y rechazamos la impunidad que prevalecen cada uno de los casos\u201d, sentenci\u00f3.<\/p>\n\n\n\n<p>Finalmente refiri\u00f3 que la violencia contra las y los periodistas es un signo de los malos tiempos que se viven actualmente, sin embargo, el periodismo de calidad que se reconoce con el Premio Nacional seguir\u00e1 denunciando e incomodando a quienes aprovech\u00e1ndose del poder, lastiman a las y los mexicanos.&nbsp;<\/p>\n\n\n\n<p>Los trabajos premiados fueron: \u201cLos jornaleros forenses\u201d; \u201cVirgilio Caballero, la voz de los Sin Voz\u201d; \u201cA cinco a\u00f1os de derrame de T\u00f3xicos en el r\u00edo de Sonora\u201d; \u201cCochoapa: donde morir es redundante\u201d; \u201cYumanos, los indios m\u00e1s olvidados de M\u00e9xico\u201d; \u201cEnerg\u00eda limpia, contratos sucios\u201d; \u201cCuatro ci\u00e9negas, principio de vida\u201d; \u201c#Metoo y el feminismo antes de Twitter\u201d; as\u00ed como la caricatura Libertad period\u00edstica; y la fotograf\u00eda titulada Crisis humanitaria rebasa al gobierno.<\/p>\n\n\n\n<p>Dentro de ellos destac\u00f3 con menci\u00f3n honor\u00edfica la oaxaque\u00f1a Diana Manzo, quien en cobertura multiformato present\u00f3 una amplia investigaci\u00f3n que retrata la realidad a la que se enfrentan comunidades indigenas del Istmo de Tehuantepec que est\u00e1n siendo afectadas debido a la instalaci\u00f3n de proyectos de energ\u00eda e\u00f3lica.<\/p>\n\n\n\n<p>Durante la ceremonia, dedic\u00f3 su premio a las y los periodistas que han sido asesinados derivado de su ejercicio period\u00edstico, particularmente aprovech\u00f3 para exigir justicia por Mar\u00eda del Sol Cruz Jarqu\u00edn a m\u00e1s 30 meses del ataque armado que le arrebat\u00f3 la vida en el municipio de Juchit\u00e1n de Zaragoza.<\/p>\n","protected":false},"excerpt":{"rendered":"<p>Evlin Arag\u00f3n\/Zona Roja. Oaxaca de Ju\u00e1rez, Oax., 28 de noviembre de 2020.- Debido a la&hellip;<\/p>\n","protected":false},"author":2,"featured_media":20635,"comment_status":"closed","ping_status":"open","sticky":false,"template":"","format":"standard","meta":{"_lmt_disableupdate":"","_lmt_disable":"","_jetpack_memberships_contains_paid_content":false,"footnotes":""},"categories":[109,46],"tags":[1729,1105],"class_list":["post-20634","post","type-post","status-publish","format-standard","has-post-thumbnail","hentry","category-minuto-a-minuto","category-zona-blanca","tag-premio-nacional-de-periodismo-ciudadano","tag-soledad-jarquin-edgar"],"jetpack_featured_media_url":"https:\/\/zonaroja.com.mx\/wp-content\/uploads\/2020\/11\/Soledad-Jarquin-ceremonia-periodismo.jpg","jetpack_sharing_enabled":true,"_links":{"self":[{"href":"https:\/\/zonaroja.com.mx\/index.php?rest_route=\/wp\/v2\/posts\/20634","targetHints":{"allow":["GET"]}}],"collection":[{"href":"https:\/\/zonaroja.com.mx\/index.php?rest_route=\/wp\/v2\/posts"}],"about":[{"href":"https:\/\/zonaroja.com.mx\/index.php?rest_route=\/wp\/v2\/types\/post"}],"author":[{"embeddable":true,"href":"https:\/\/zonaroja.com.mx\/index.php?rest_route=\/wp\/v2\/users\/2"}],"replies":[{"embeddable":true,"href":"https:\/\/zonaroja.com.mx\/index.php?rest_route=%2Fwp%2Fv2%2Fcomments&post=20634"}],"version-history":[{"count":1,"href":"https:\/\/zonaroja.com.mx\/index.php?rest_route=\/wp\/v2\/posts\/20634\/revisions"}],"predecessor-version":[{"id":20636,"href":"https:\/\/zonaroja.com.mx\/index.php?rest_route=\/wp\/v2\/posts\/20634\/revisions\/20636"}],"wp:featuredmedia":[{"embeddable":true,"href":"https:\/\/zonaroja.com.mx\/index.php?rest_route=\/wp\/v2\/media\/20635"}],"wp:attachment":[{"href":"https:\/\/zonaroja.com.mx\/index.php?rest_route=%2Fwp%2Fv2%2Fmedia&parent=20634"}],"wp:term":[{"taxonomy":"category","embeddable":true,"href":"https:\/\/zonaroja.com.mx\/index.php?rest_route=%2Fwp%2Fv2%2Fcategories&post=20634"},{"taxonomy":"post_tag","embeddable":true,"href":"https:\/\/zonaroja.com.mx\/index.php?rest_route=%2Fwp%2Fv2%2Ftags&post=20634"}],"curies":[{"name":"wp","href":"https:\/\/api.w.org\/{rel}","templated":true}]}}