{"id":20640,"date":"2020-11-28T19:39:30","date_gmt":"2020-11-29T01:39:30","guid":{"rendered":"http:\/\/www.zonaroja.com.mx\/?p=20640"},"modified":"2020-11-28T19:39:34","modified_gmt":"2020-11-29T01:39:34","slug":"apuesta-la-uabjo-por-un-ejercicio-periodistico-con-etica-rector","status":"publish","type":"post","link":"https:\/\/zonaroja.com.mx\/?p=20640","title":{"rendered":"Apuesta la UABJO por un ejercicio period\u00edstico con \u00e9tica: rector"},"content":{"rendered":"\n<p>Ismael Garc\u00eda M.\/Zona Roja.<\/p>\n\n\n\n<p>Oaxaca de Ju\u00e1rez, Oax., 28 de noviembre de 2020.- En la ceremonia virtual de la entrega del Premio Nacional de Periodismo 2019, el rector la UABJO, Eduardo Bautista Mart\u00ednez, asegur\u00f3 que la instituci\u00f3n apuesta por la labor period\u00edstica que, ejercida con \u00e9tica, ofrezca una visi\u00f3n amplia de la historia que se escribe d\u00eda con d\u00eda.<\/p>\n\n\n\n<p>La Universidad Aut\u00f3noma \u201cBenito Ju\u00e1rez\u201d de Oaxaca es una de las convocantes de dicho certamen, cuya premiaci\u00f3n se efectu\u00f3 ayer por la tarde v\u00eda remota y en que el representante de la casa de estudios se congratul\u00f3 que exista un reconocimiento ciudadano a la importante labor de las y los periodistas.<\/p>\n\n\n\n<p>\u201cEs un ejercicio fundamental que contribuye a una ciudadan\u00eda informada, base de nuestra democracia\u201d, dijo, al destacar tambi\u00e9n la trayectoria y lucha de la presidenta del jurado calificador, la oaxaque\u00f1a Soledad Jarqu\u00edn \u00c9dgar.<\/p>\n\n\n\n<p>\u201cEl reconocimiento de nuestra Universidad a la periodista Soledad Jarqu\u00edn, por representar a nuestra instituci\u00f3n en esta distinci\u00f3n y quien por su experiencia y compromiso con el periodismo, desde una visi\u00f3n incluyente e igualitaria, fue designada como presidenta del jurado.<\/p>\n\n\n\n<figure class=\"wp-block-embed-twitter wp-block-embed is-type-rich is-provider-twitter\"><div class=\"wp-block-embed__wrapper\">\n<div class=\"twitter-tweet\"><blockquote class=\"twitter-tweet\" data-lang=\"es\"><p lang=\"es\" dir=\"ltr\">(1) Este viernes, el rector de la <a href=\"https:\/\/twitter.com\/UABJO?ref_src=twsrc%5Etfw\">@UABJO<\/a>, <a href=\"https:\/\/twitter.com\/Bautistaeduardo?ref_src=twsrc%5Etfw\">@Bautistaeduardo<\/a>, particip\u00f3 en la ceremonia virtual del Premio Nacional de Periodismo. En su mensaje, expres\u00f3 su reconocimientos la periodista <a href=\"https:\/\/twitter.com\/jarquinedgar?ref_src=twsrc%5Etfw\">@jarquinedgar<\/a> y su respeto a ella por alzar la voz por la verdad y por la justicia. <a href=\"https:\/\/t.co\/IxB6xmt7pI\">pic.twitter.com\/IxB6xmt7pI<\/a><\/p>&mdash; Zona Roja Oaxaca (@MexRoja) <a href=\"https:\/\/twitter.com\/MexRoja\/status\/1332738394569535488?ref_src=twsrc%5Etfw\">28 de noviembre de 2020<\/a><\/blockquote><\/div>\n<\/div><\/figure>\n\n\n\n<p>\u201cNuestro respeto a Soledad Jarqu\u00edn por alzar la voz, por la verdad, por la justicia, por la memoria de su hija; por su voz, por las voces en las luchas a las que nos debemos todas y todos, por la erradicaci\u00f3n de todas las violencias en contra de las mujeres, ni una menos\u201d, sostuvo.<\/p>\n\n\n\n<p>En su participaci\u00f3n durante el encuentro, que fue moderado por la periodista Carmen Aristegui, el rector de la UABJO agreg\u00f3 que las universidades p\u00fablicas aut\u00f3nomas deben seguir apostando a reconocer los esfuerzos que mujeres y hombres hacen cada d\u00eda, \u201campliando la voz de la sociedad y que desde su profesi\u00f3n engrandecen a nuestro pa\u00eds\u201d.<\/p>\n\n\n\n<p>Felicit\u00f3 a las y los ganadores, en su mayor\u00eda mujeres, entre ellas la reportera Diana Manzo, quien fue galardonada con una Menci\u00f3n Honor\u00edfica por su trabajo de investigaci\u00f3n sobre las empresas e\u00f3licas asentadas en el Istmo de Tehuantepec.<\/p>\n","protected":false},"excerpt":{"rendered":"<p>Ismael Garc\u00eda M.\/Zona Roja. Oaxaca de Ju\u00e1rez, Oax., 28 de noviembre de 2020.- En la&hellip;<\/p>\n","protected":false},"author":2,"featured_media":20641,"comment_status":"closed","ping_status":"open","sticky":false,"template":"","format":"standard","meta":{"_lmt_disableupdate":"","_lmt_disable":"","_jetpack_memberships_contains_paid_content":false,"footnotes":""},"categories":[109,46],"tags":[1729,360],"class_list":["post-20640","post","type-post","status-publish","format-standard","has-post-thumbnail","hentry","category-minuto-a-minuto","category-zona-blanca","tag-premio-nacional-de-periodismo-ciudadano","tag-rector-eduardo-bautista-martinez"],"jetpack_featured_media_url":"https:\/\/zonaroja.com.mx\/wp-content\/uploads\/2020\/11\/Rector-UABO-ceremonia-periodismo.jpg","jetpack_sharing_enabled":true,"_links":{"self":[{"href":"https:\/\/zonaroja.com.mx\/index.php?rest_route=\/wp\/v2\/posts\/20640","targetHints":{"allow":["GET"]}}],"collection":[{"href":"https:\/\/zonaroja.com.mx\/index.php?rest_route=\/wp\/v2\/posts"}],"about":[{"href":"https:\/\/zonaroja.com.mx\/index.php?rest_route=\/wp\/v2\/types\/post"}],"author":[{"embeddable":true,"href":"https:\/\/zonaroja.com.mx\/index.php?rest_route=\/wp\/v2\/users\/2"}],"replies":[{"embeddable":true,"href":"https:\/\/zonaroja.com.mx\/index.php?rest_route=%2Fwp%2Fv2%2Fcomments&post=20640"}],"version-history":[{"count":1,"href":"https:\/\/zonaroja.com.mx\/index.php?rest_route=\/wp\/v2\/posts\/20640\/revisions"}],"predecessor-version":[{"id":20642,"href":"https:\/\/zonaroja.com.mx\/index.php?rest_route=\/wp\/v2\/posts\/20640\/revisions\/20642"}],"wp:featuredmedia":[{"embeddable":true,"href":"https:\/\/zonaroja.com.mx\/index.php?rest_route=\/wp\/v2\/media\/20641"}],"wp:attachment":[{"href":"https:\/\/zonaroja.com.mx\/index.php?rest_route=%2Fwp%2Fv2%2Fmedia&parent=20640"}],"wp:term":[{"taxonomy":"category","embeddable":true,"href":"https:\/\/zonaroja.com.mx\/index.php?rest_route=%2Fwp%2Fv2%2Fcategories&post=20640"},{"taxonomy":"post_tag","embeddable":true,"href":"https:\/\/zonaroja.com.mx\/index.php?rest_route=%2Fwp%2Fv2%2Ftags&post=20640"}],"curies":[{"name":"wp","href":"https:\/\/api.w.org\/{rel}","templated":true}]}}