{"id":20643,"date":"2020-11-28T20:27:23","date_gmt":"2020-11-29T02:27:23","guid":{"rendered":"http:\/\/www.zonaroja.com.mx\/?p=20643"},"modified":"2020-11-28T21:18:44","modified_gmt":"2020-11-29T03:18:44","slug":"en-dia-de-eliminacion-de-violencia-desaparecen-dos-mujeres-en-oaxaca","status":"publish","type":"post","link":"https:\/\/zonaroja.com.mx\/?p=20643","title":{"rendered":"En D\u00eda de Eliminaci\u00f3n de Violencia, desaparecen tres mujeres en Oaxaca"},"content":{"rendered":"\n<p>Ismael Garc\u00eda M.\/Zona Roja.<\/p>\n\n\n\n<p>Oaxaca de Ju\u00e1rez, Oax., 28 de noviembre de 2020.- En el D\u00eda Internacional para la Eliminaci\u00f3n de la Violencia contra la Mujer, en Oaxaca desaparecieron tres j\u00f3venes mujeres.<\/p>\n\n\n\n<p>Una de las fichas fue difundida esta noche por la Unidad de Personas Desaparecidas y No Localizadas, dependiente de la Fiscal\u00eda General del Estado de Oaxaca.<\/p>\n\n\n\n<p>Se trata de Brenda Michel Rebolledo S\u00e1nchez, de 18 a\u00f1os de edad, quien fue vista por \u00faltima vez el 25 de noviembre de este a\u00f1o en la colonia San Isidro, de Pueblo Nuevo, agencia del municipio de Oaxaca de Ju\u00e1rez; como se\u00f1as particulares, tiene un tatuaje de forma de coraz\u00f3n a la altura del pecho, del lado derecho; cicatriz en labio superior, lado derecho, y cicatriz por ces\u00e1rea.<\/p>\n\n\n\n<p>Otro caso es del de Migdalia Gonz\u00e1lez Gonz\u00e1lez, de 17 a\u00f1os de edad, quien fue vista por \u00faltima vez el 25 de noviembre en San Francisco Tutla, agencia del municipio de Santa Luc\u00eda del Camino; la ficha de b\u00fasqueda fue publicada la tarde de hoy; entre las se\u00f1as particulares, presenta una cicatriz por ces\u00e1rea y un lunar peque\u00f1o a la altura de la barbilla.<\/p>\n\n\n\n<p>La otra ficha, de Geovanna Angulo Ramos, fue dada a conocer la ma\u00f1ana de este s\u00e1bado y la joven de 27 a\u00f1os de edad fue vista por \u00faltima vez el 25 de noviembre en San Agust\u00edn, Etla, Oaxaca.<\/p>\n\n\n\n<p>Vest\u00eda pantal\u00f3n de mezclilla azul marino, blusa de color negra, zapatos de piso negros y bolsa de mano de color gris; es de una estatura aproximada de 1.73 metros.<\/p>\n\n\n\n<p>La instancia de la Fiscal\u00eda pide reportar a los n\u00fameros telef\u00f3nicos 01 800 00 77628 y 951 164 64 34, en caso de tener reportes sobre el paradero de alguna de ellas.<\/p>\n","protected":false},"excerpt":{"rendered":"<p>Ismael Garc\u00eda M.\/Zona Roja. Oaxaca de Ju\u00e1rez, Oax., 28 de noviembre de 2020.- En el&hellip;<\/p>\n","protected":false},"author":2,"featured_media":20650,"comment_status":"closed","ping_status":"open","sticky":false,"template":"","format":"standard","meta":{"_lmt_disableupdate":"","_lmt_disable":"","_jetpack_memberships_contains_paid_content":false,"footnotes":""},"categories":[109,47],"tags":[1222],"class_list":["post-20643","post","type-post","status-publish","format-standard","has-post-thumbnail","hentry","category-minuto-a-minuto","category-zona-gris","tag-unidad-de-personas-desaparecidas-y-no-localizadas"],"jetpack_featured_media_url":"https:\/\/zonaroja.com.mx\/wp-content\/uploads\/2020\/11\/Mujeres-desaparecidas-Oaxaca.jpg","jetpack_sharing_enabled":true,"_links":{"self":[{"href":"https:\/\/zonaroja.com.mx\/index.php?rest_route=\/wp\/v2\/posts\/20643","targetHints":{"allow":["GET"]}}],"collection":[{"href":"https:\/\/zonaroja.com.mx\/index.php?rest_route=\/wp\/v2\/posts"}],"about":[{"href":"https:\/\/zonaroja.com.mx\/index.php?rest_route=\/wp\/v2\/types\/post"}],"author":[{"embeddable":true,"href":"https:\/\/zonaroja.com.mx\/index.php?rest_route=\/wp\/v2\/users\/2"}],"replies":[{"embeddable":true,"href":"https:\/\/zonaroja.com.mx\/index.php?rest_route=%2Fwp%2Fv2%2Fcomments&post=20643"}],"version-history":[{"count":2,"href":"https:\/\/zonaroja.com.mx\/index.php?rest_route=\/wp\/v2\/posts\/20643\/revisions"}],"predecessor-version":[{"id":20649,"href":"https:\/\/zonaroja.com.mx\/index.php?rest_route=\/wp\/v2\/posts\/20643\/revisions\/20649"}],"wp:featuredmedia":[{"embeddable":true,"href":"https:\/\/zonaroja.com.mx\/index.php?rest_route=\/wp\/v2\/media\/20650"}],"wp:attachment":[{"href":"https:\/\/zonaroja.com.mx\/index.php?rest_route=%2Fwp%2Fv2%2Fmedia&parent=20643"}],"wp:term":[{"taxonomy":"category","embeddable":true,"href":"https:\/\/zonaroja.com.mx\/index.php?rest_route=%2Fwp%2Fv2%2Fcategories&post=20643"},{"taxonomy":"post_tag","embeddable":true,"href":"https:\/\/zonaroja.com.mx\/index.php?rest_route=%2Fwp%2Fv2%2Ftags&post=20643"}],"curies":[{"name":"wp","href":"https:\/\/api.w.org\/{rel}","templated":true}]}}