{"id":20646,"date":"2020-11-28T20:38:35","date_gmt":"2020-11-29T02:38:35","guid":{"rendered":"http:\/\/www.zonaroja.com.mx\/?p=20646"},"modified":"2020-11-28T20:38:41","modified_gmt":"2020-11-29T02:38:41","slug":"nosotras-en-la-appo-por-la-visibilizacion-de-las-mujeres-que-luchan","status":"publish","type":"post","link":"https:\/\/zonaroja.com.mx\/?p=20646","title":{"rendered":"\u201cNosotras en la APPO\u201d, por la visibilizaci\u00f3n de las mujeres que luchan"},"content":{"rendered":"\n<p>Evlin Arag\u00f3n\/Zona Roja.<\/p>\n\n\n\n<p>Oaxaca de Ju\u00e1rez, Oax., 28 de noviembre de 2020.- Catorce a\u00f1os despu\u00e9s de la revuelta social del 2006 en Oaxaca, se escribi\u00f3 la historia de las mujeres en esa lucha. Aline Castellanos Jurado present\u00f3 su libro \u201cNosotras en la APPO\u201d, en el cual hace visible la presencia de las mujeres en este proceso hist\u00f3rico que qued\u00f3 marcado como un tatuaje para las participantes.\u00a0<\/p>\n\n\n\n<p>Tal y como sucedi\u00f3 con otros procesos hist\u00f3ricos &#8211;la Independencia, la Revoluci\u00f3n e incluso en el movimiento de 1968 en M\u00e9xico&#8211;, han tenido que pasar algunos a\u00f1os para hablar de las mujeres que tomaron parte de manera activa en la Asamblea Popular de los Pueblos de Oaxaca (APPO).<\/p>\n\n\n\n<p>\u201cEstuvimos ah\u00ed, hombro con hombro y hemos sido muy poco nombradas. Para m\u00ed s\u00ed es una apuesta pol\u00edtica personal pero tambi\u00e9n colectiva por el trabajo que hacemos de nombrar y hacer visible, de poner en la mesa la posibilidad de que nosotras hablemos\u201d, dijo la comunicadora de profesi\u00f3n y activista por los derechos de las mujeres.<\/p>\n\n\n\n<p>A lo largo del texto Silvia, Argelia, Ita, Goyita, Alondra, Lupita, entre otras mujeres, comparten sus vivencias con la autora con la intenci\u00f3n de tejer la memoria colectiva desde abajo, reconstruir la historia desde la experiencia de quienes formaron parte del movimiento como l\u00edderes importantes y no fueron del todo reconocidas.&nbsp;<\/p>\n\n\n\n<p>Para Aline Castellanos, la APPO fue mucho m\u00e1s que adjetivos desagradables colocados en un s\u00f3lo personaje pol\u00edtico; fue un semillero de activismo que contin\u00faa a la fecha y que permiti\u00f3 hacer redes entre diversos colectivos sociales, particularmente en la oaxaque\u00f1as.&nbsp;&nbsp;<\/p>\n\n\n\n<p>En todo el proceso, las mujeres demostraron que pod\u00edan ser tan aguerridas como cualquiera, fueron quienes alimentaron no s\u00f3lo en el \u00e1mbito de la cocina &#8211;que adem\u00e1s es una trabajo invaluable&#8211;, sino tambi\u00e9n alimentaron de esperanza y solidaridad el movimiento.&nbsp;<\/p>\n\n\n\n<p>De acuerdo con la autora, el 2006 fue un parteaguas para las mujeres; mostr\u00f3 nuevamente su fuerza y valent\u00eda, misma que se ha visto en las calles de ese momento a la fecha que han salido en masa a defender sus derechos.&nbsp;<\/p>\n\n\n\n<p>\u201cYo esperar\u00eda que este texto pueda servir para seguir nombrando a las mujeres. La historia nos debe relatos y narraciones de que paso en el 2006 y en todas las luchas de transformaci\u00f3n social en las que s\u00ed hemos participado las mujeres\u201d, dijo la autora.&nbsp;<\/p>\n\n\n\n<p>El libro cuenta con im\u00e1genes de Marcela Taboada y el pr\u00f3logo escrito por Margarita Dalton Palomo, quien particip\u00f3 en la presentaci\u00f3n del texto, al igual que Silvia Gabriela Hern\u00e1ndez, Yesica S\u00e1nchez Maya y Ana Mar\u00eda Hern\u00e1ndez, quienes coincidieron en su relevancia, ya que aseguran deja huella de lo que se vivi\u00f3 en el 2006, de forma particular de la fortaleza de las mujeres y su compromiso con la sociedad.<\/p>\n\n\n\n<p>Aqu\u00ed el enlace de la presentaci\u00f3n del libro:<\/p>\n\n\n\n<figure class=\"wp-block-embed\"><div class=\"wp-block-embed__wrapper\">\n<div class=\"fb-video\" data-allowfullscreen=\"true\" data-href=\"https:\/\/www.facebook.com\/consorcio.oaxaca\/videos\/710559863192724\/\" style=\"background-color: #fff; display: inline-block;\"><\/div>\n<\/div><\/figure>\n","protected":false},"excerpt":{"rendered":"<p>Evlin Arag\u00f3n\/Zona Roja. Oaxaca de Ju\u00e1rez, Oax., 28 de noviembre de 2020.- Catorce a\u00f1os despu\u00e9s&hellip;<\/p>\n","protected":false},"author":2,"featured_media":20647,"comment_status":"closed","ping_status":"open","sticky":false,"template":"","format":"standard","meta":{"_lmt_disableupdate":"","_lmt_disable":"","_jetpack_memberships_contains_paid_content":false,"footnotes":""},"categories":[109,46],"tags":[2262],"class_list":["post-20646","post","type-post","status-publish","format-standard","has-post-thumbnail","hentry","category-minuto-a-minuto","category-zona-blanca","tag-libro-nosotras-en-la-appo"],"jetpack_featured_media_url":"https:\/\/zonaroja.com.mx\/wp-content\/uploads\/2020\/11\/Presentacion-libro-mujeres-APPO.jpg","jetpack_sharing_enabled":true,"_links":{"self":[{"href":"https:\/\/zonaroja.com.mx\/index.php?rest_route=\/wp\/v2\/posts\/20646","targetHints":{"allow":["GET"]}}],"collection":[{"href":"https:\/\/zonaroja.com.mx\/index.php?rest_route=\/wp\/v2\/posts"}],"about":[{"href":"https:\/\/zonaroja.com.mx\/index.php?rest_route=\/wp\/v2\/types\/post"}],"author":[{"embeddable":true,"href":"https:\/\/zonaroja.com.mx\/index.php?rest_route=\/wp\/v2\/users\/2"}],"replies":[{"embeddable":true,"href":"https:\/\/zonaroja.com.mx\/index.php?rest_route=%2Fwp%2Fv2%2Fcomments&post=20646"}],"version-history":[{"count":1,"href":"https:\/\/zonaroja.com.mx\/index.php?rest_route=\/wp\/v2\/posts\/20646\/revisions"}],"predecessor-version":[{"id":20648,"href":"https:\/\/zonaroja.com.mx\/index.php?rest_route=\/wp\/v2\/posts\/20646\/revisions\/20648"}],"wp:featuredmedia":[{"embeddable":true,"href":"https:\/\/zonaroja.com.mx\/index.php?rest_route=\/wp\/v2\/media\/20647"}],"wp:attachment":[{"href":"https:\/\/zonaroja.com.mx\/index.php?rest_route=%2Fwp%2Fv2%2Fmedia&parent=20646"}],"wp:term":[{"taxonomy":"category","embeddable":true,"href":"https:\/\/zonaroja.com.mx\/index.php?rest_route=%2Fwp%2Fv2%2Fcategories&post=20646"},{"taxonomy":"post_tag","embeddable":true,"href":"https:\/\/zonaroja.com.mx\/index.php?rest_route=%2Fwp%2Fv2%2Ftags&post=20646"}],"curies":[{"name":"wp","href":"https:\/\/api.w.org\/{rel}","templated":true}]}}