{"id":20653,"date":"2020-11-28T21:29:45","date_gmt":"2020-11-29T03:29:45","guid":{"rendered":"http:\/\/www.zonaroja.com.mx\/?p=20653"},"modified":"2020-11-28T21:29:50","modified_gmt":"2020-11-29T03:29:50","slug":"no-cesan-feminicidios-en-oaxaca-hoy-matan-a-madre-e-hijo-en-el-istmo","status":"publish","type":"post","link":"https:\/\/zonaroja.com.mx\/?p=20653","title":{"rendered":"No cesan feminicidios en Oaxaca; hoy matan a madre e hijo en el Istmo"},"content":{"rendered":"\n<p>Redacci\u00f3n\/Zona Roja. Foto: Ilustraci\u00f3n<\/p>\n\n\n\n<p>Oaxaca de Ju\u00e1rez, Oax., 28 de noviembre de 2020.- Un probable feminicidio se registr\u00f3 la noche de ayer viernes en la regi\u00f3n del Istmo de Tehuantepec.<\/p>\n\n\n\n<p>Sujetos armados ingresaron a un domicilio en el municipio de San Francisco del Mar, donde asesinaron a balazos a una mujer y a su hijo.<\/p>\n\n\n\n<p>El hecho, seg\u00fan informes preliminares, se registr\u00f3 aproximadamente a las 22:00 horas en la casa ubicada a un costado de la carretera que comunica a esa localidad de la etnia huave con San Francisco Ixhuat\u00e1n, esquina con la calle Facundo Mart\u00ednez Vargas, en el barrio Cuarta Secci\u00f3n.<\/p>\n\n\n\n<p>Las v\u00edctimas fueron identificadas de manera preliminar como Feliciana P. V., de 45 a\u00f1os de edad, y su hijo Jorge L. P., de 24 a\u00f1os de edad.<\/p>\n\n\n\n<p>La Fiscal\u00eda Regional del Estado de Oaxaca inici\u00f3 la Carpeta de Investigaci\u00f3n respectiva bajo los protocolos de feminicidio; hasta el momento no hay pistas de los probables agresores.<\/p>\n","protected":false},"excerpt":{"rendered":"<p>Redacci\u00f3n\/Zona Roja. Foto: Ilustraci\u00f3n Oaxaca de Ju\u00e1rez, Oax., 28 de noviembre de 2020.- Un probable&hellip;<\/p>\n","protected":false},"author":2,"featured_media":15774,"comment_status":"closed","ping_status":"open","sticky":false,"template":"","format":"standard","meta":{"_lmt_disableupdate":"","_lmt_disable":"","_jetpack_memberships_contains_paid_content":false,"footnotes":""},"categories":[109,51],"tags":[610,686],"class_list":["post-20653","post","type-post","status-publish","format-standard","has-post-thumbnail","hentry","category-minuto-a-minuto","category-zona-roja","tag-feminicidios-oaxaca","tag-san-francisco-ixhuatan"],"jetpack_featured_media_url":"https:\/\/zonaroja.com.mx\/wp-content\/uploads\/2020\/08\/Feminicidio-Oaxaca.jpg","jetpack_sharing_enabled":true,"_links":{"self":[{"href":"https:\/\/zonaroja.com.mx\/index.php?rest_route=\/wp\/v2\/posts\/20653","targetHints":{"allow":["GET"]}}],"collection":[{"href":"https:\/\/zonaroja.com.mx\/index.php?rest_route=\/wp\/v2\/posts"}],"about":[{"href":"https:\/\/zonaroja.com.mx\/index.php?rest_route=\/wp\/v2\/types\/post"}],"author":[{"embeddable":true,"href":"https:\/\/zonaroja.com.mx\/index.php?rest_route=\/wp\/v2\/users\/2"}],"replies":[{"embeddable":true,"href":"https:\/\/zonaroja.com.mx\/index.php?rest_route=%2Fwp%2Fv2%2Fcomments&post=20653"}],"version-history":[{"count":1,"href":"https:\/\/zonaroja.com.mx\/index.php?rest_route=\/wp\/v2\/posts\/20653\/revisions"}],"predecessor-version":[{"id":20654,"href":"https:\/\/zonaroja.com.mx\/index.php?rest_route=\/wp\/v2\/posts\/20653\/revisions\/20654"}],"wp:featuredmedia":[{"embeddable":true,"href":"https:\/\/zonaroja.com.mx\/index.php?rest_route=\/wp\/v2\/media\/15774"}],"wp:attachment":[{"href":"https:\/\/zonaroja.com.mx\/index.php?rest_route=%2Fwp%2Fv2%2Fmedia&parent=20653"}],"wp:term":[{"taxonomy":"category","embeddable":true,"href":"https:\/\/zonaroja.com.mx\/index.php?rest_route=%2Fwp%2Fv2%2Fcategories&post=20653"},{"taxonomy":"post_tag","embeddable":true,"href":"https:\/\/zonaroja.com.mx\/index.php?rest_route=%2Fwp%2Fv2%2Ftags&post=20653"}],"curies":[{"name":"wp","href":"https:\/\/api.w.org\/{rel}","templated":true}]}}