{"id":2066,"date":"2019-07-06T16:30:06","date_gmt":"2019-07-06T21:30:06","guid":{"rendered":"http:\/\/www.zonaroja.com.mx\/?p=2066"},"modified":"2019-07-06T16:30:09","modified_gmt":"2019-07-06T21:30:09","slug":"hoy-salio-la-verdad-escribio-lider-de-transportistas-antes-de-ser-ejecutado","status":"publish","type":"post","link":"https:\/\/zonaroja.com.mx\/?p=2066","title":{"rendered":"\u201cHoy sali\u00f3 la verdad\u2026\u201d escribi\u00f3 l\u00edder de transportistas antes de ser ejecutado"},"content":{"rendered":"\n<p>Ismael\nGarc\u00eda M.<\/p>\n\n\n\n<p>Oaxaca de\nJu\u00e1rez, Oax., 6 de julio de 2019.- En las redes sociales presum\u00eda su f\u00edsico y\nsu vida aparentemente tranquila y sin sobresaltos econ\u00f3micos. \u201cEn la vida hay\ntres cosas que no se pueden ocultar\u2026 una es la belleza otra es el dinero y otra\nes la verdad\u2026 hoy sali\u00f3 la verdad\u201d.<\/p>\n\n\n\n<p>Eso fue lo \u00faltimo\nque escribi\u00f3 Robert Mont en Facebook, antes de ser ejecutado este s\u00e1bado en el\ncentro comercial m\u00e1s importante de la capital, Plaza Oaxaca. <\/p>\n\n\n\n<p>As\u00ed se identificaba en la red social Roberto Cabrera Montes, quien seg\u00fan los primeros datos, era secretario de Acci\u00f3n Pol\u00edtica de la Confederaci\u00f3n Libertad, aunque recientemente se habr\u00eda incorporado a la Confederaci\u00f3n Aut\u00f3noma de Trabajadores y Empleados de M\u00e9xico (CATEM).<\/p>\n\n\n\n<figure class=\"wp-block-embed-twitter wp-block-embed is-type-rich is-provider-twitter\"><div class=\"wp-block-embed__wrapper\">\n<div class=\"twitter-tweet\"><blockquote class=\"twitter-tweet\" data-lang=\"es\"><p lang=\"es\" dir=\"ltr\"><a href=\"https:\/\/twitter.com\/hashtag\/OaxacaRojo?src=hash&amp;ref_src=twsrc%5Etfw\">#OaxacaRojo<\/a><br>As\u00ed qued\u00f3 el cuerpo de quien fue identificado como Roberto Cabrera Montes, dirigente sindical de un gremio de transportistas, quien fue ejecutado hoy en Plaza Oaxaca, al sur de la capital, con arma de grueso calibre. <a href=\"https:\/\/twitter.com\/SSPCMexico?ref_src=twsrc%5Etfw\">@SSPCMexico<\/a> <a href=\"https:\/\/twitter.com\/KarinaBaronO?ref_src=twsrc%5Etfw\">@KarinaBaronO<\/a> <a href=\"https:\/\/t.co\/NKUmPGNlK2\">pic.twitter.com\/NKUmPGNlK2<\/a><\/p>&mdash; Zona Roja Oaxaca (@MexRoja) <a href=\"https:\/\/twitter.com\/MexRoja\/status\/1147583909347115008?ref_src=twsrc%5Etfw\">6 de julio de 2019<\/a><\/blockquote><\/div>\n<\/div><\/figure>\n\n\n\n<p>De acuerdo\ncon su ficha ministerial, Roberto reci\u00e9n hab\u00eda salido del reclusorio, acusado\nde diversos delitos, adem\u00e1s de estar presuntamente relacionado con grupos del\ncrimen organizado. Ayer fue citado a tomar un caf\u00e9 en Plaza Oaxaca, por quienes\npresuntamente intercedieron por \u00e9l para que saliera libre.<\/p>\n\n\n\n<p>Pero, seg\u00fan\nlas fuentes, estando preso decidi\u00f3 contar a sus beneficiarios acerca del\nentramado criminal en los Valles Centrales. <\/p>\n\n\n\n<p>Este s\u00e1bado,\ncerca del mediod\u00eda, entre cientos de clientes que acud\u00edan al centro comercial, un\nindividuo con un rifle de grueso calibre, dispar\u00f3 desde el exterior del caf\u00e9 \u201cLa\nOrganizaci\u00f3n\u201d en contra de quien se identificaba tambi\u00e9n como delegado\nseccional de la Confederaci\u00f3n Nacional de Trabajadores de M\u00e9xico (CTM) y ex\noficial administrativo del Poder Judicial de la Federaci\u00f3n.<\/p>\n\n\n\n<p>Sus\nfamiliares se encontraban cerca, por lo que de inmediato acudieron a\nauxiliarlo, en tanto que uno de los ejecutores abord\u00f3 la unidad de motor que ya\nlo esperaba y se dio a la fuga.<\/p>\n\n\n\n<p>En el piso del pasillo exterior, a un costado de la sucursal Banorte, qued\u00f3 tendido el cuerpo de Roberto. Como otro crimen de alto impacto m\u00e1s, cada vez son m\u00e1s frecuentes en Oaxaca.<\/p>\n\n\n\n<figure class=\"wp-block-embed-twitter wp-block-embed is-type-rich is-provider-twitter\"><div class=\"wp-block-embed__wrapper\">\n<div class=\"twitter-tweet\"><blockquote class=\"twitter-tweet\" data-lang=\"es\"><p lang=\"es\" dir=\"ltr\"><a href=\"https:\/\/twitter.com\/hashtag\/ENVIVO?src=hash&amp;ref_src=twsrc%5Etfw\">#ENVIVO<\/a><br>Ciudad de Oaxaca<br>Centro comercial Plaza Oaxaca, donde asesinaron a balazos a una persona, identificada de manera preliminar como Roberto Cabrera Montes. <a href=\"https:\/\/t.co\/mG0hFJONWx\">https:\/\/t.co\/mG0hFJONWx<\/a> <a href=\"https:\/\/t.co\/0HTaXFV1cP\">pic.twitter.com\/0HTaXFV1cP<\/a><\/p>&mdash; Zona Roja Oaxaca (@MexRoja) <a href=\"https:\/\/twitter.com\/MexRoja\/status\/1147572721750073344?ref_src=twsrc%5Etfw\">6 de julio de 2019<\/a><\/blockquote><\/div>\n<\/div><\/figure>\n\n\n\n<p>\u00bfY LA\nSEGURIDAD?<\/p>\n\n\n\n<p>Apenas cuatro\nhoras antes, en la calle Derechos Humanos de la capital oaxaque\u00f1a, el edil\nOswaldo Garc\u00eda Jarqu\u00edn pon\u00eda en marcha patrullas y motocicletas para la Polic\u00eda\nMunicipal, pintados con los colores que distinguen al Partido Morena.<\/p>\n\n\n\n<p>\u201cEl\nAyuntamiento de Oaxaca de Ju\u00e1rez, de la mano con el Gobierno del Estado y la\nFederaci\u00f3n, no dar\u00e1 tregua a la delincuencia ni limitar\u00e1 recursos para hacer\nprevalecer una ciudad segura y en paz\u201d, difundi\u00f3 el ayuntamiento.<\/p>\n\n\n\n<p>Sin embargo,\nlos hechos han rebasado a la ciudad que en una semana vivi\u00f3 dos asaltos\nbancarios violentos, con dos heridos, y de manera constante, ejecuciones\nincluso en el Centro Hist\u00f3rico.<\/p>\n","protected":false},"excerpt":{"rendered":"<p>Ismael Garc\u00eda M. Oaxaca de Ju\u00e1rez, Oax., 6 de julio de 2019.- En las redes&hellip;<\/p>\n","protected":false},"author":2,"featured_media":2067,"comment_status":"closed","ping_status":"open","sticky":false,"template":"","format":"standard","meta":{"_lmt_disableupdate":"","_lmt_disable":"","_jetpack_memberships_contains_paid_content":false,"footnotes":""},"categories":[109,51],"tags":[308,148,309],"class_list":["post-2066","post","type-post","status-publish","format-standard","has-post-thumbnail","hentry","category-minuto-a-minuto","category-zona-roja","tag-ejecutado-plaza-oaxaca","tag-oaxaca-de-juarez","tag-roberto-cabrera-montes"],"jetpack_featured_media_url":"https:\/\/zonaroja.com.mx\/wp-content\/uploads\/2019\/07\/Roberto-Cabrera-Montes-ejecutado.jpg","jetpack_sharing_enabled":true,"_links":{"self":[{"href":"https:\/\/zonaroja.com.mx\/index.php?rest_route=\/wp\/v2\/posts\/2066","targetHints":{"allow":["GET"]}}],"collection":[{"href":"https:\/\/zonaroja.com.mx\/index.php?rest_route=\/wp\/v2\/posts"}],"about":[{"href":"https:\/\/zonaroja.com.mx\/index.php?rest_route=\/wp\/v2\/types\/post"}],"author":[{"embeddable":true,"href":"https:\/\/zonaroja.com.mx\/index.php?rest_route=\/wp\/v2\/users\/2"}],"replies":[{"embeddable":true,"href":"https:\/\/zonaroja.com.mx\/index.php?rest_route=%2Fwp%2Fv2%2Fcomments&post=2066"}],"version-history":[{"count":1,"href":"https:\/\/zonaroja.com.mx\/index.php?rest_route=\/wp\/v2\/posts\/2066\/revisions"}],"predecessor-version":[{"id":2068,"href":"https:\/\/zonaroja.com.mx\/index.php?rest_route=\/wp\/v2\/posts\/2066\/revisions\/2068"}],"wp:featuredmedia":[{"embeddable":true,"href":"https:\/\/zonaroja.com.mx\/index.php?rest_route=\/wp\/v2\/media\/2067"}],"wp:attachment":[{"href":"https:\/\/zonaroja.com.mx\/index.php?rest_route=%2Fwp%2Fv2%2Fmedia&parent=2066"}],"wp:term":[{"taxonomy":"category","embeddable":true,"href":"https:\/\/zonaroja.com.mx\/index.php?rest_route=%2Fwp%2Fv2%2Fcategories&post=2066"},{"taxonomy":"post_tag","embeddable":true,"href":"https:\/\/zonaroja.com.mx\/index.php?rest_route=%2Fwp%2Fv2%2Ftags&post=2066"}],"curies":[{"name":"wp","href":"https:\/\/api.w.org\/{rel}","templated":true}]}}