{"id":20661,"date":"2020-11-29T07:41:22","date_gmt":"2020-11-29T13:41:22","guid":{"rendered":"http:\/\/www.zonaroja.com.mx\/?p=20661"},"modified":"2020-11-29T07:41:26","modified_gmt":"2020-11-29T13:41:26","slug":"poder-judicial-de-oaxaca-difunde-en-revista-especializada-temas-sobre-justicia-y-mujeres","status":"publish","type":"post","link":"https:\/\/zonaroja.com.mx\/?p=20661","title":{"rendered":"Poder Judicial de Oaxaca difunde en revista especializada temas sobre justicia y mujeres"},"content":{"rendered":"\n<p>Redacci\u00f3n\/Zona Roja.<\/p>\n\n\n\n<p>Oaxaca de Ju\u00e1rez, Oax., 29 de noviembre de 2020.- En su compromiso por sensibilizar al personal y a la ciudadan\u00eda sobre la importancia de prevenir, atender, sancionar y eliminar la violencia hacia el sector femenino, el Poder Judicial de Oaxaca promueve diferentes estrategias en materia de capacitaci\u00f3n, alianzas interinstitucionales y la difusi\u00f3n de gu\u00edas y textos especializados que contribuyan a generar mayor conciencia en el tema.<\/p>\n\n\n\n<p>Como una propuesta bibliogr\u00e1fica y de consulta, en el marco del D\u00eda Internacional de la Eliminaci\u00f3n de la Violencia contra la Mujer, que se conmemora el 25 de noviembre, la Direcci\u00f3n de Derechos de Consejo de la Judicatura, dedic\u00f3 parte de la d\u00e9cima edici\u00f3n del bolet\u00edn digital \u201cDerechos Humanos, G\u00e9nero y Justicia\u201d, a la paridad y violencia pol\u00edtica de g\u00e9nero.<\/p>\n\n\n\n<p>Dentro del acervo de art\u00edculos, se precisan diversas reflexiones sobre las m\u00faltiples perspectivas que abordan los derechos humanos, en especial de grupos vulnerados como mujeres y ni\u00f1as, debido a la relevancia que la instituci\u00f3n tiene de contribuir a erradicar el panorama de violencia que las afecta directamente.<\/p>\n\n\n\n<p>Tal es el caso del tema \u201cObservancia hacia la paridad\u201d, art\u00edculo desarrollado por la titular de la Secretar\u00eda de las Mujeres de Oaxaca (SMO), Ana V\u00e1squez Colmenares, quien hace un an\u00e1lisis sobre la labor de los Observatorios de Participaci\u00f3n Pol\u00edtica de las mujeres en el pa\u00eds, que ser\u00e1n clave en varios sentidos.<\/p>\n\n\n\n<p>La violencia pol\u00edtica en raz\u00f3n de g\u00e9nero, se convirti\u00f3 en el argumento principal que comparti\u00f3 la magistrada Elizabeth Bautista Velasco, presidenta del Tribunal Electoral del Estado de Oaxaca (TEEO), referente a c\u00f3mo a trav\u00e9s de la justicia electoral se han formulado criterios para identificar estas conductas en diversos \u00e1mbitos pol\u00edticos donde las mujeres participan.<\/p>\n\n\n\n<p>Por su parte, la ministra de la Suprema Corte de justicia de la Naci\u00f3n, Norma Luc\u00eda Pi\u00f1a Hern\u00e1ndez, enfatiz\u00f3 la importancia de la colaboraci\u00f3n de la sociedad civil, junto a la academia e instituciones estatales y federales, lo que permitir\u00e1 fortalecer la transversalizaci\u00f3n de la perspectiva de g\u00e9nero, pluralismo jur\u00eddico, as\u00ed como derechos humanos.<\/p>\n\n\n\n<p>La publicaci\u00f3n completa, en formato digital, se puede consultar a trav\u00e9s de las redes sociales del Tribunal Superior de Justicia, en facebook @TSJOAX y en twitter @tsjoaxaca, o en la liga <a href=\"https:\/\/drive.google.com\/file\/d\/1YfCNZ5wOhqocsA3J7eXgOlJsXVQdu37u\/view\">https:\/\/drive.google.com\/file\/d\/1YfCNZ5wOhqocsA3J7eXgOlJsXVQdu37u\/view<\/a>.<\/p>\n","protected":false},"excerpt":{"rendered":"<p>Redacci\u00f3n\/Zona Roja. Oaxaca de Ju\u00e1rez, Oax., 29 de noviembre de 2020.- En su compromiso por&hellip;<\/p>\n","protected":false},"author":2,"featured_media":20662,"comment_status":"closed","ping_status":"open","sticky":false,"template":"","format":"standard","meta":{"_lmt_disableupdate":"","_lmt_disable":"","_jetpack_memberships_contains_paid_content":false,"footnotes":""},"categories":[109,46],"tags":[223],"class_list":["post-20661","post","type-post","status-publish","format-standard","has-post-thumbnail","hentry","category-minuto-a-minuto","category-zona-blanca","tag-poder-judicial-de-oaxaca"],"jetpack_featured_media_url":"https:\/\/zonaroja.com.mx\/wp-content\/uploads\/2020\/11\/BOLETIN-DERECHOS-HUMANOS-GENERO-Y-JUSTICIA-NOVIEMBRE_2020-1.jpg","jetpack_sharing_enabled":true,"_links":{"self":[{"href":"https:\/\/zonaroja.com.mx\/index.php?rest_route=\/wp\/v2\/posts\/20661","targetHints":{"allow":["GET"]}}],"collection":[{"href":"https:\/\/zonaroja.com.mx\/index.php?rest_route=\/wp\/v2\/posts"}],"about":[{"href":"https:\/\/zonaroja.com.mx\/index.php?rest_route=\/wp\/v2\/types\/post"}],"author":[{"embeddable":true,"href":"https:\/\/zonaroja.com.mx\/index.php?rest_route=\/wp\/v2\/users\/2"}],"replies":[{"embeddable":true,"href":"https:\/\/zonaroja.com.mx\/index.php?rest_route=%2Fwp%2Fv2%2Fcomments&post=20661"}],"version-history":[{"count":1,"href":"https:\/\/zonaroja.com.mx\/index.php?rest_route=\/wp\/v2\/posts\/20661\/revisions"}],"predecessor-version":[{"id":20663,"href":"https:\/\/zonaroja.com.mx\/index.php?rest_route=\/wp\/v2\/posts\/20661\/revisions\/20663"}],"wp:featuredmedia":[{"embeddable":true,"href":"https:\/\/zonaroja.com.mx\/index.php?rest_route=\/wp\/v2\/media\/20662"}],"wp:attachment":[{"href":"https:\/\/zonaroja.com.mx\/index.php?rest_route=%2Fwp%2Fv2%2Fmedia&parent=20661"}],"wp:term":[{"taxonomy":"category","embeddable":true,"href":"https:\/\/zonaroja.com.mx\/index.php?rest_route=%2Fwp%2Fv2%2Fcategories&post=20661"},{"taxonomy":"post_tag","embeddable":true,"href":"https:\/\/zonaroja.com.mx\/index.php?rest_route=%2Fwp%2Fv2%2Ftags&post=20661"}],"curies":[{"name":"wp","href":"https:\/\/api.w.org\/{rel}","templated":true}]}}