{"id":20676,"date":"2020-11-29T15:26:49","date_gmt":"2020-11-29T21:26:49","guid":{"rendered":"http:\/\/www.zonaroja.com.mx\/?p=20676"},"modified":"2020-11-29T15:26:53","modified_gmt":"2020-11-29T21:26:53","slug":"coordinan-esfuerzo-el-iaipo-y-la-apo-para-capacitar-a-periodistas-de-oaxaca","status":"publish","type":"post","link":"https:\/\/zonaroja.com.mx\/?p=20676","title":{"rendered":"Coordinan esfuerzo el IAIPO y la APO para capacitar a periodistas de Oaxaca"},"content":{"rendered":"\n<p>Redacci\u00f3n\/Zona Roja.<\/p>\n\n\n\n<p>Oaxaca de Ju\u00e1rez, Oax., 29 de noviembre de 2020.- El Instituto de Acceso a la Informaci\u00f3n P\u00fablica y Protecci\u00f3n de Datos Personales del Estado de Oaxaca (IAIPO) y la&nbsp; Asociaci\u00f3n de Periodistas de Oaxaca (APO A.C.) celebraron con \u00e9xito el curso virtual \u201cDatos Personales en Posesi\u00f3n de los Partidos y el Proceso Electoral 2021\u201d, el cual tuvo por objetivo comprender el alcance, contenido y obligaciones que tienen los partidos pol\u00edticos en el tratamiento de datos personales y los mecanismos de privacidad de los datos que resguardan respecto a las pr\u00f3ximas elecciones 2021.<\/p>\n\n\n\n<p>En el acto inaugural, la comisionada presidenta del IAIPO, Mar\u00eda Antonieta Vel\u00e1squez Chagoya, se\u00f1al\u00f3 que una de las acciones que le corresponden al IAIPO, es garantizar el cumplimiento de la protecci\u00f3n de datos personales, informando a la ciudadan\u00eda sobre c\u00f3mo ejercerlo.<\/p>\n\n\n\n<p>En su mensaje, el Comisionado del IAIPO, Fernando G\u00f3mez Cuevas destac\u00f3 la socializaci\u00f3n del derecho de protecci\u00f3n de datos personales transitando para su ejercicio, reconoci\u00f3 el reto, pues en nuestro estado se concentran hablantes de lenguas ind\u00edgenas, sin embargo, estos espacios generan sinergia para visibilizar este derecho, dijo.<\/p>\n\n\n\n<p>En su participaci\u00f3n, Antonio Guti\u00e9rrez Sumano, miembro del comit\u00e9 ejecutivo de la APO A.C., resalt\u00f3 la importancia de los periodistas para difundir este derecho humano para que la ciudadan\u00eda conozca de \u00e9l y lo visibilice, considera que es uno de los primeros pasos, esperando genere conocimientos que incidan en una sociedad mayor informada y protectora de sus datos.&nbsp;<\/p>\n\n\n\n<p>En el marco de este curso, la comisionada presidenta del IAIPO, imparti\u00f3 la conferencia \u201cProtecci\u00f3n de Datos Personales en el Proceso Electoral\u201d, puntualizando la importancia de los datos personales del electorado, qui\u00e9nes pueden utilizarlos, el ejercicio de nuestros derechos cuando la informaci\u00f3n que resguardan las instituciones p\u00fablicas es vulnerada y aquellos organismos, como el IAIPO, que dan acompa\u00f1amiento y asesor\u00eda al respecto.<\/p>\n\n\n\n<p>En la tarde del d\u00eda 27,&nbsp; Argel R\u00edos, periodista especialista en procesos electorales dict\u00f3 el M\u00f3dulo Sistema Electoral Mexicano y autoridades electorales, en donde los participantes comprendieron al sistema electoral como un conjunto de normas y procedimientos que hacen posible la renovaci\u00f3n peri\u00f3dica y aut\u00e9ntica de los poderes Ejecutivo y Legislativo en M\u00e9xico, a partir del an\u00e1lisis de su concepto y de sus elementos principales.<\/p>\n\n\n\n<p>El 28 de noviembre, Argel R\u00edos imparti\u00f3 el tema Proceso Electoral, en donde puntualiz\u00f3&nbsp; que este proceso est\u00e1 constituido por determinadas etapas, en el que convergen m\u00faltiples y complejos actos y actores. Son el resultado de una sucesi\u00f3n de medidas, decididas y ejecutadas.<\/p>\n\n\n\n<p>El proceso electoral comprende etapas, como, preparaci\u00f3n de la elecci\u00f3n, jornada electoral, resultados y declaraciones de validez.<\/p>\n\n\n\n<p>Argel R\u00edos culmin\u00f3 el curso el 29 de noviembre, impartiendo el tema Criterios del INE para el Proceso Electoral 2020-2021, explic\u00f3 que los partidos pol\u00edticos deben tomar las medidas para evitar la discriminaci\u00f3n en perjuicio de las personas, particularmente, de los grupos en situaci\u00f3n de vulnerabilidad o de atenci\u00f3n prioritaria.<\/p>\n\n\n\n<p>Los criterios dotan de certeza a partidos pol\u00edticos, militantes, ciudadan\u00eda sobre requisitos y procedimientos para el registro de candidaturas en las elecciones, potenciar derechos pol\u00edticos de la ciudadan\u00eda; se tutela el derecho de las mujeres a una participaci\u00f3n paritaria, en condiciones libres de violencia y la representaci\u00f3n de comunidades ind\u00edgenas, afirm\u00f3 el periodista Argel R\u00edos.<\/p>\n\n\n\n<p>Finalmente, la clausura del curso, estuvo a cargo de la comisionada presidenta del IAIPO, Vel\u00e1squez Chagoya, quien en su intervenci\u00f3n agradeci\u00f3 el inter\u00e9s de los participantes.<\/p>\n\n\n\n<p>Dijo sentirse honrada por la alianza con la APO A.C. en la generaci\u00f3n de eventos como este; la transparencia en un derecho llave que nos har\u00e1 fortalecer la democracia en las pr\u00f3ximas elecciones, puntualiz\u00f3.<\/p>\n","protected":false},"excerpt":{"rendered":"<p>Redacci\u00f3n\/Zona Roja. Oaxaca de Ju\u00e1rez, Oax., 29 de noviembre de 2020.- El Instituto de Acceso&hellip;<\/p>\n","protected":false},"author":2,"featured_media":20677,"comment_status":"closed","ping_status":"open","sticky":false,"template":"","format":"standard","meta":{"_lmt_disableupdate":"","_lmt_disable":"","_jetpack_memberships_contains_paid_content":false,"footnotes":""},"categories":[109,46],"tags":[1041,655],"class_list":["post-20676","post","type-post","status-publish","format-standard","has-post-thumbnail","hentry","category-minuto-a-minuto","category-zona-blanca","tag-asociacion-de-periodistas-de-oaxaca-apo","tag-instituto-de-acceso-a-la-informacion-publica"],"jetpack_featured_media_url":"https:\/\/zonaroja.com.mx\/wp-content\/uploads\/2020\/11\/elector10.png","jetpack_sharing_enabled":true,"_links":{"self":[{"href":"https:\/\/zonaroja.com.mx\/index.php?rest_route=\/wp\/v2\/posts\/20676","targetHints":{"allow":["GET"]}}],"collection":[{"href":"https:\/\/zonaroja.com.mx\/index.php?rest_route=\/wp\/v2\/posts"}],"about":[{"href":"https:\/\/zonaroja.com.mx\/index.php?rest_route=\/wp\/v2\/types\/post"}],"author":[{"embeddable":true,"href":"https:\/\/zonaroja.com.mx\/index.php?rest_route=\/wp\/v2\/users\/2"}],"replies":[{"embeddable":true,"href":"https:\/\/zonaroja.com.mx\/index.php?rest_route=%2Fwp%2Fv2%2Fcomments&post=20676"}],"version-history":[{"count":1,"href":"https:\/\/zonaroja.com.mx\/index.php?rest_route=\/wp\/v2\/posts\/20676\/revisions"}],"predecessor-version":[{"id":20678,"href":"https:\/\/zonaroja.com.mx\/index.php?rest_route=\/wp\/v2\/posts\/20676\/revisions\/20678"}],"wp:featuredmedia":[{"embeddable":true,"href":"https:\/\/zonaroja.com.mx\/index.php?rest_route=\/wp\/v2\/media\/20677"}],"wp:attachment":[{"href":"https:\/\/zonaroja.com.mx\/index.php?rest_route=%2Fwp%2Fv2%2Fmedia&parent=20676"}],"wp:term":[{"taxonomy":"category","embeddable":true,"href":"https:\/\/zonaroja.com.mx\/index.php?rest_route=%2Fwp%2Fv2%2Fcategories&post=20676"},{"taxonomy":"post_tag","embeddable":true,"href":"https:\/\/zonaroja.com.mx\/index.php?rest_route=%2Fwp%2Fv2%2Ftags&post=20676"}],"curies":[{"name":"wp","href":"https:\/\/api.w.org\/{rel}","templated":true}]}}