{"id":20684,"date":"2020-11-29T20:22:59","date_gmt":"2020-11-30T02:22:59","guid":{"rendered":"http:\/\/www.zonaroja.com.mx\/?p=20684"},"modified":"2020-11-29T20:23:04","modified_gmt":"2020-11-30T02:23:04","slug":"tras-fracaso-de-mexiquenses-en-oaxaca-plantean-en-congreso-no-mas-fuerenos-en-gabinete","status":"publish","type":"post","link":"https:\/\/zonaroja.com.mx\/?p=20684","title":{"rendered":"Tras fracaso de mexiquenses en Oaxaca, plantean en Congreso no m\u00e1s fuere\u00f1os en gabinete"},"content":{"rendered":"\n<p>Yuridiana Sosa\/Zona Roja.<\/p>\n\n\n\n<p>Oaxaca de Ju\u00e1rez Oax., 28 de noviembre de 2020.- La 64 legislatura del Congreso de Oaxaca analiza reformas a las leyes para que s\u00f3lo residentes de la entidad ocupen cargos en el gabinete legal y ampliado del Gobierno del Estado.<\/p>\n\n\n\n<p>La propuesta se base en la experiencia que ha dejado el gobierno a cargo de Alejandro Murat Hinjosa, con funcionarios provenientes de otras entidades federativas, como el Estado de M\u00e9xico y la capital del pa\u00eds, y que han demostrado desconocimiento del entorno social y pol\u00edtico de Oaxaca, dificultando el desarrollo y beneficio de los oaxaque\u00f1os.<\/p>\n\n\n\n<p>La propuesta de reformas a la Constituci\u00f3n Pol\u00edtica de Oaxaca y la Ley Org\u00e1nica del Poder Ejecutivo del Estado fue presentadas por la diputada Elena Cuevas Hern\u00e1ndez, del partido Morena, en la sesi\u00f3n ordinaria del pasado 25 de noviembre.<\/p>\n\n\n\n<p>La legisladora indic\u00f3 que \u201cen nuestro modelo democr\u00e1tico elegimos al titular del Poder Ejecutivo, pero no a quienes deber\u00edan auxiliar en garantizar una buena administraci\u00f3n para todos los ciudadanos\u201d.<\/p>\n\n\n\n<p>Un ejemplo de esta situaci\u00f3n, dijo, es la experiencia del gabinete actual, el cual, \u201cnos exhibe que hay una mayor\u00eda de personajes adheridos a la corriente pol\u00edtica y de cargo del mandatario estatal.<\/p>\n\n\n\n<p>\u201cLo que ha significado un impacto negativo en su administraci\u00f3n, poco desarrollo, incremento de la pobreza y una mayor percepci\u00f3n de corrupci\u00f3n en las \u00e1reas de infraestructura del gobierno, sobre todo cuando hay de por medio inter\u00e9s, solicitudes de acceso o participaci\u00f3n ciudadana activa, cuestionamientos y exhortos emanados del Poder Legislativo\u201d.<\/p>\n\n\n\n<p>Por esa situaci\u00f3n, la diputada present\u00f3 reformas al art\u00edculo 83 de la Constituci\u00f3n Pol\u00edtica del Estado, sobre los requisitos para ser servidores p\u00fablicos en el nivel de mandos medios y superiores del Poder Ejecutivo, se adicione que \u201cdeber\u00e1n ser necesariamente nativo o nativa del estado de Oaxaca, o con residencia efectiva y comprobable no menor de tres a\u00f1os inmediatamente anterior al d\u00eda de la designaci\u00f3n\u201d.<\/p>\n\n\n\n<p>As\u00ed tambi\u00e9n, modificaciones al art\u00edculo 21 y 22 de Ley Org\u00e1nica del Poder Ejecutivo del Estado.<\/p>\n\n\n\n<p>En el primero de los casos, en lo referente a ser titular de una dependencia o entidad de la administraci\u00f3n p\u00fablica estatal, se deroga el punto VII y se agrega como requisito ser nativo nativa del estado de Oaxaca y comprobable no menor de tres a\u00f1os la residencia efectiva y comprobable no menor de tres a\u00f1os inmediatamente anterior al d\u00eda de la designaci\u00f3n.<\/p>\n\n\n\n<p>Mientras que en el art\u00edculo 22, de los nombramientos de los secretarios de despacho llevados a cabo por el Gobernador del Estado, deber\u00e1n ser remitidos inmediatamente al Congreso local para su conocimiento; los servidores p\u00fablicos tambi\u00e9n deber\u00e1n ser nativos del estado.<\/p>\n\n\n\n<p>\u201cEs preocupante valorar tambi\u00e9n si por la falta de una regulaci\u00f3n m\u00e1s exacta sea violentado lo establecido en la propia Constituci\u00f3n federal y local con el fin de beneficiar en el cargo a personas que ignoran la situaci\u00f3n econ\u00f3mica pol\u00edtica social cultural ancestral y actual que atraviesa nuestro estado y quienes sin mediar act\u00faan con car\u00e1cter de autoridad frente a unos gobernados que jam\u00e1s han visto y desconocen en actuar\u201d, sentenci\u00f3 Cuevas Hern\u00e1ndez.<\/p>\n\n\n\n<p>En el actual sexenio, pr\u00e1cticamente la mitad del gabinete legal y ampliado est\u00e1 conformado por funcionarios del Estado de M\u00e9xico y de la Ciudad de M\u00e9xico, que acompa\u00f1aron a Murat Hinojosa &#8211;quien tambi\u00e9n naci\u00f3n fuera de Oaxaca&#8211; desde que fue funcionario en el Edomex y posteriormente director general del Infonavit.<\/p>\n","protected":false},"excerpt":{"rendered":"<p>Yuridiana Sosa\/Zona Roja. Oaxaca de Ju\u00e1rez Oax., 28 de noviembre de 2020.- La 64 legislatura&hellip;<\/p>\n","protected":false},"author":2,"featured_media":20685,"comment_status":"closed","ping_status":"open","sticky":false,"template":"","format":"standard","meta":{"_lmt_disableupdate":"","_lmt_disable":"","_jetpack_memberships_contains_paid_content":false,"footnotes":""},"categories":[109,47],"tags":[2263],"class_list":["post-20684","post","type-post","status-publish","format-standard","has-post-thumbnail","hentry","category-minuto-a-minuto","category-zona-gris","tag-fuerenos-gabinete-gobierno-de-oaxaca"],"jetpack_featured_media_url":"https:\/\/zonaroja.com.mx\/wp-content\/uploads\/2020\/11\/Gabinete-Alejandro-Murat.jpg","jetpack_sharing_enabled":true,"_links":{"self":[{"href":"https:\/\/zonaroja.com.mx\/index.php?rest_route=\/wp\/v2\/posts\/20684","targetHints":{"allow":["GET"]}}],"collection":[{"href":"https:\/\/zonaroja.com.mx\/index.php?rest_route=\/wp\/v2\/posts"}],"about":[{"href":"https:\/\/zonaroja.com.mx\/index.php?rest_route=\/wp\/v2\/types\/post"}],"author":[{"embeddable":true,"href":"https:\/\/zonaroja.com.mx\/index.php?rest_route=\/wp\/v2\/users\/2"}],"replies":[{"embeddable":true,"href":"https:\/\/zonaroja.com.mx\/index.php?rest_route=%2Fwp%2Fv2%2Fcomments&post=20684"}],"version-history":[{"count":1,"href":"https:\/\/zonaroja.com.mx\/index.php?rest_route=\/wp\/v2\/posts\/20684\/revisions"}],"predecessor-version":[{"id":20686,"href":"https:\/\/zonaroja.com.mx\/index.php?rest_route=\/wp\/v2\/posts\/20684\/revisions\/20686"}],"wp:featuredmedia":[{"embeddable":true,"href":"https:\/\/zonaroja.com.mx\/index.php?rest_route=\/wp\/v2\/media\/20685"}],"wp:attachment":[{"href":"https:\/\/zonaroja.com.mx\/index.php?rest_route=%2Fwp%2Fv2%2Fmedia&parent=20684"}],"wp:term":[{"taxonomy":"category","embeddable":true,"href":"https:\/\/zonaroja.com.mx\/index.php?rest_route=%2Fwp%2Fv2%2Fcategories&post=20684"},{"taxonomy":"post_tag","embeddable":true,"href":"https:\/\/zonaroja.com.mx\/index.php?rest_route=%2Fwp%2Fv2%2Ftags&post=20684"}],"curies":[{"name":"wp","href":"https:\/\/api.w.org\/{rel}","templated":true}]}}