{"id":20687,"date":"2020-11-29T21:40:23","date_gmt":"2020-11-30T03:40:23","guid":{"rendered":"http:\/\/www.zonaroja.com.mx\/?p=20687"},"modified":"2020-11-29T21:40:26","modified_gmt":"2020-11-30T03:40:26","slug":"muere-policia-estatal-en-el-istmo-se-disparo-accidentalmente-el-arma","status":"publish","type":"post","link":"https:\/\/zonaroja.com.mx\/?p=20687","title":{"rendered":"Muere Polic\u00eda Estatal en el Istmo; se dispar\u00f3 accidentalmente el arma"},"content":{"rendered":"\n<p>Redacci\u00f3n\/Zona Roja.<\/p>\n\n\n\n<p>Oaxaca de Ju\u00e1rez, Oax., 29 de noviembre de 2020.- Un elemento de la Polic\u00eda Estatal de Oaxaca muri\u00f3 este domingo en la regi\u00f3n del Istmo de Tehuantepec, al accionar de manera accidental su arma de fuego.<\/p>\n\n\n\n<p>De acuerdo con reportes oficiales, el elemento Hermilo C. G., de 39 a\u00f1os de edad, limpiaba en el cuartel su arma reglamentaria, pero \u00e9sta se accion\u00f3 y se dispar\u00f3 en la cabeza.<\/p>\n\n\n\n<p>Tras ello fue llevado de inmediato al hospital \u201cDr. Macedonio Ben\u00edtez Fuentes\u201d de Juchit\u00e1n de Zaragoza, donde perdi\u00f3 la vida debido a la gravedad de la lesi\u00f3n.<\/p>\n\n\n\n<p>La Secretar\u00eda de Seguridad P\u00fablica de Oaxaca emiti\u00f3 sus condolencias y ofreci\u00f3 todo el respaldo de la instituci\u00f3n a los familiares del polic\u00eda fallecido.<\/p>\n","protected":false},"excerpt":{"rendered":"<p>Redacci\u00f3n\/Zona Roja. Oaxaca de Ju\u00e1rez, Oax., 29 de noviembre de 2020.- Un elemento de la&hellip;<\/p>\n","protected":false},"author":2,"featured_media":16451,"comment_status":"closed","ping_status":"open","sticky":false,"template":"","format":"standard","meta":{"_lmt_disableupdate":"","_lmt_disable":"","_jetpack_memberships_contains_paid_content":false,"footnotes":""},"categories":[109,47],"tags":[984],"class_list":["post-20687","post","type-post","status-publish","format-standard","has-post-thumbnail","hentry","category-minuto-a-minuto","category-zona-gris","tag-policia-estatal-de-oaxaca"],"jetpack_featured_media_url":"https:\/\/zonaroja.com.mx\/wp-content\/uploads\/2020\/08\/Policia-Estatal-2.png","jetpack_sharing_enabled":true,"_links":{"self":[{"href":"https:\/\/zonaroja.com.mx\/index.php?rest_route=\/wp\/v2\/posts\/20687","targetHints":{"allow":["GET"]}}],"collection":[{"href":"https:\/\/zonaroja.com.mx\/index.php?rest_route=\/wp\/v2\/posts"}],"about":[{"href":"https:\/\/zonaroja.com.mx\/index.php?rest_route=\/wp\/v2\/types\/post"}],"author":[{"embeddable":true,"href":"https:\/\/zonaroja.com.mx\/index.php?rest_route=\/wp\/v2\/users\/2"}],"replies":[{"embeddable":true,"href":"https:\/\/zonaroja.com.mx\/index.php?rest_route=%2Fwp%2Fv2%2Fcomments&post=20687"}],"version-history":[{"count":1,"href":"https:\/\/zonaroja.com.mx\/index.php?rest_route=\/wp\/v2\/posts\/20687\/revisions"}],"predecessor-version":[{"id":20688,"href":"https:\/\/zonaroja.com.mx\/index.php?rest_route=\/wp\/v2\/posts\/20687\/revisions\/20688"}],"wp:featuredmedia":[{"embeddable":true,"href":"https:\/\/zonaroja.com.mx\/index.php?rest_route=\/wp\/v2\/media\/16451"}],"wp:attachment":[{"href":"https:\/\/zonaroja.com.mx\/index.php?rest_route=%2Fwp%2Fv2%2Fmedia&parent=20687"}],"wp:term":[{"taxonomy":"category","embeddable":true,"href":"https:\/\/zonaroja.com.mx\/index.php?rest_route=%2Fwp%2Fv2%2Fcategories&post=20687"},{"taxonomy":"post_tag","embeddable":true,"href":"https:\/\/zonaroja.com.mx\/index.php?rest_route=%2Fwp%2Fv2%2Ftags&post=20687"}],"curies":[{"name":"wp","href":"https:\/\/api.w.org\/{rel}","templated":true}]}}