{"id":20689,"date":"2020-11-29T22:10:01","date_gmt":"2020-11-30T04:10:01","guid":{"rendered":"http:\/\/www.zonaroja.com.mx\/?p=20689"},"modified":"2020-11-29T22:10:07","modified_gmt":"2020-11-30T04:10:07","slug":"decretan-suspension-de-actos-masivos-religiosos-en-oaxaca-por-pandemia","status":"publish","type":"post","link":"https:\/\/zonaroja.com.mx\/?p=20689","title":{"rendered":"Decretan suspensi\u00f3n de actos masivos religiosos en Oaxaca, por pandemia"},"content":{"rendered":"\n<p>Redacci\u00f3n\/Zona Roja.<\/p>\n\n\n\n<p>Oaxaca de Ju\u00e1rez, Oax, 29 de noviembre de 2020.- Debido a que los casos de Covid-19 se mantienen al alza en Oaxaca, el Gobierno del Estado decret\u00f3 la suspensi\u00f3n de actos religiosos masivos durante el mes de diciembre.<\/p>\n\n\n\n<p>Entre \u00e9stos destacan &#8211;como ya lo hab\u00eda informado la Arquidi\u00f3cesis de Oaxaca&#8211; la celebraci\u00f3n a la virgen de Juquila, el 8 de diciembre, en Santa Catarina Juquila y en San Juan Chapultepec, ciudad de Oaxaca; de la virgen de Guadalupe, el d\u00eda 12, en la capital del estado, as\u00ed como a La Soledad, el d\u00eda 18.<\/p>\n\n\n\n<p>En un comunicado, el secretario de Salud, Donato Casas Escamilla, inform\u00f3 que, de manera conjunta con el gobernador Alejandro Murat Hinojosa y el Comit\u00e9 Estatal de Seguridad en Salud (CESS), se acord\u00f3 la suspensi\u00f3n de todas las actividades eclesi\u00e1sticas correspondientes al mes de diciembre.<\/p>\n\n\n\n<p>El funcionario invit\u00f3 a las familias oaxaque\u00f1as y visitantes en esta \u00e9poca del a\u00f1o a mantener la fe desde los hogares, \u201cpronto esta emergencia sanitaria pasar\u00e1 y podremos retomar nuestras tradiciones, hoy es tiempo de cuidarnos todos, por eso te pido, peregrino qu\u00e9date en casa\u201d, dijo.<\/p>\n\n\n\n<p>As\u00ed tambi\u00e9n agradeci\u00f3 el apoyo de las autoridades eclesi\u00e1sticas del estado, por el entendimiento y disposici\u00f3n para evitar aglomeraciones de personas, con el fin de coadyuvar a la reducci\u00f3n de contagios entre la poblaci\u00f3n.<\/p>\n\n\n\n<p>\u00bfNO HUBO CONTAGIOS?<\/p>\n\n\n\n<figure class=\"wp-block-embed-twitter wp-block-embed is-type-rich is-provider-twitter\"><div class=\"wp-block-embed__wrapper\">\n<div class=\"twitter-tweet\"><blockquote class=\"twitter-tweet\" data-lang=\"es\"><p lang=\"es\" dir=\"ltr\">Este domingo 29 de noviembre, tres municipios registraron casos positivos nuevos de <a href=\"https:\/\/twitter.com\/hashtag\/COVID19?src=hash&amp;ref_src=twsrc%5Etfw\">#COVID19<\/a> en <a href=\"https:\/\/twitter.com\/hashtag\/Oaxaca?src=hash&amp;ref_src=twsrc%5Etfw\">#Oaxaca<\/a>.<a href=\"https:\/\/twitter.com\/hashtag\/EligeLaVida?src=hash&amp;ref_src=twsrc%5Etfw\">#EligeLaVida<\/a>, utiliza <a href=\"https:\/\/twitter.com\/hashtag\/Cubrebocas?src=hash&amp;ref_src=twsrc%5Etfw\">#Cubrebocas<\/a>, mant\u00e9n <a href=\"https:\/\/twitter.com\/hashtag\/SanaDistancia?src=hash&amp;ref_src=twsrc%5Etfw\">#SanaDistancia<\/a> y l\u00e1vate las manos frecuentemente. <a href=\"https:\/\/t.co\/Ngwzhn5nRR\">pic.twitter.com\/Ngwzhn5nRR<\/a><\/p>&mdash; Servicios de Salud (@SSO_GobOax) <a href=\"https:\/\/twitter.com\/SSO_GobOax\/status\/1333256254500855808?ref_src=twsrc%5Etfw\">30 de noviembre de 2020<\/a><\/blockquote><\/div>\n<\/div><\/figure>\n\n\n\n<p>Por otra parte, tambi\u00e9n en un comunicado, los Servicios de Salud informaron que de acuerdo al comunicado t\u00e9cnico diario, este 29 de noviembre se registr\u00f3 un acumulado de 24 mil 362 casos y ninguna defunci\u00f3n, por lo que la cifra de fallecimientos se mantiene en mil 923; as\u00ed tambi\u00e9n hay un total de 10 mil 675 pruebas negativas, tres mil 601 sospechosos y 21 mil 799 recuperados.<\/p>\n\n\n\n<p>Sin embargo, la misma dependencia public\u00f3 en redes sociales una gr\u00e1fica en que reconoce que hubo tres casos positivos; no obstante, la cifra acumulada de contagios se mantiene igual que ayer.<\/p>\n\n\n\n<p>La dependencia precis\u00f3 que los casos activos hasta el momento son 641, de los cuales, 528 corresponden a Valles Centrales, 35 en la Sierra, 34 en la Costa, 27 en la Mixteca, 14 en el Istmo, y tres en Tuxtepec.<\/p>\n\n\n\n<p>Seg\u00fan los datos oficiales, puntualiz\u00f3 que los pacientes nuevos reportados en las \u00faltimas 24 horas se ubican en Salina Cruz, Santa Mar\u00eda Huatulco y San Pedro Pochutla.<\/p>\n\n\n\n<p>Refiri\u00f3 que del total de casos acumulados, 16 mil 366 corresponden a Valles Centrales, dos mil 314 al Istmo, mil 877 a Tuxtepec, mil 796 a la Mixteca, mil 253 a la Costa y 756 a la Sierra.<\/p>\n\n\n\n<p>Finalmente mencion\u00f3 que la ocupaci\u00f3n hospitalaria global en la entidad se encuentra al 33.1%; los SSO presentan 20.7%, el Hospital Regional de Alta Especialidad de Oaxaca (HRAEO) 100%, el Hospital de la Ni\u00f1ez Oaxaque\u00f1a 33.3%, SEDENA 26.7%, ISSSTE 57.1%, IMSS 31.7%, IMSS-Bienestar 31.5%, PEMEX 16.7%, SEMAR 17.6% y nosocomios privados con 37.5%.<\/p>\n","protected":false},"excerpt":{"rendered":"<p>Redacci\u00f3n\/Zona Roja. Oaxaca de Ju\u00e1rez, Oax, 29 de noviembre de 2020.- Debido a que los&hellip;<\/p>\n","protected":false},"author":2,"featured_media":20690,"comment_status":"closed","ping_status":"open","sticky":false,"template":"","format":"standard","meta":{"_lmt_disableupdate":"","_lmt_disable":"","_jetpack_memberships_contains_paid_content":false,"footnotes":""},"categories":[109,47],"tags":[1512],"class_list":["post-20689","post","type-post","status-publish","format-standard","has-post-thumbnail","hentry","category-minuto-a-minuto","category-zona-gris","tag-coronavirus-oaxaca"],"jetpack_featured_media_url":"https:\/\/zonaroja.com.mx\/wp-content\/uploads\/2020\/11\/REPORTE-29-NOV-SSO-1.jpeg","jetpack_sharing_enabled":true,"_links":{"self":[{"href":"https:\/\/zonaroja.com.mx\/index.php?rest_route=\/wp\/v2\/posts\/20689","targetHints":{"allow":["GET"]}}],"collection":[{"href":"https:\/\/zonaroja.com.mx\/index.php?rest_route=\/wp\/v2\/posts"}],"about":[{"href":"https:\/\/zonaroja.com.mx\/index.php?rest_route=\/wp\/v2\/types\/post"}],"author":[{"embeddable":true,"href":"https:\/\/zonaroja.com.mx\/index.php?rest_route=\/wp\/v2\/users\/2"}],"replies":[{"embeddable":true,"href":"https:\/\/zonaroja.com.mx\/index.php?rest_route=%2Fwp%2Fv2%2Fcomments&post=20689"}],"version-history":[{"count":1,"href":"https:\/\/zonaroja.com.mx\/index.php?rest_route=\/wp\/v2\/posts\/20689\/revisions"}],"predecessor-version":[{"id":20691,"href":"https:\/\/zonaroja.com.mx\/index.php?rest_route=\/wp\/v2\/posts\/20689\/revisions\/20691"}],"wp:featuredmedia":[{"embeddable":true,"href":"https:\/\/zonaroja.com.mx\/index.php?rest_route=\/wp\/v2\/media\/20690"}],"wp:attachment":[{"href":"https:\/\/zonaroja.com.mx\/index.php?rest_route=%2Fwp%2Fv2%2Fmedia&parent=20689"}],"wp:term":[{"taxonomy":"category","embeddable":true,"href":"https:\/\/zonaroja.com.mx\/index.php?rest_route=%2Fwp%2Fv2%2Fcategories&post=20689"},{"taxonomy":"post_tag","embeddable":true,"href":"https:\/\/zonaroja.com.mx\/index.php?rest_route=%2Fwp%2Fv2%2Ftags&post=20689"}],"curies":[{"name":"wp","href":"https:\/\/api.w.org\/{rel}","templated":true}]}}