{"id":20693,"date":"2020-11-30T07:37:39","date_gmt":"2020-11-30T13:37:39","guid":{"rendered":"http:\/\/www.zonaroja.com.mx\/?p=20693"},"modified":"2020-11-30T07:37:43","modified_gmt":"2020-11-30T13:37:43","slug":"suman-cuatro-mujeres-asesinadas-el-fin-de-semana-en-oaxaca","status":"publish","type":"post","link":"https:\/\/zonaroja.com.mx\/?p=20693","title":{"rendered":"Suman cuatro mujeres asesinadas el fin de semana en Oaxaca"},"content":{"rendered":"\n<p>Ismael Garc\u00eda M.\/Zona Roja.<\/p>\n\n\n\n<p>Oaxaca de Ju\u00e1rez, Oax., 30 de noviembre de 2020.- A cuatro ascendi\u00f3 el n\u00famero de mujeres presuntamente asesinadas durante el fin de semana en igual n\u00famero de municipios del estado de Oaxaca.<\/p>\n\n\n\n<p>A la orilla de la carretera federal 175, en jurisdicci\u00f3n de Ocotl\u00e1n de Morelos, junto a una tabiquera, este domingo por la ma\u00f1ana fue localizado el cuerpo de una mujer, semidesnuda, con huellas de golpes en el cuerpo y el rostro. La v\u00edctima a\u00fan no ha sido identificada.<\/p>\n\n\n\n<p>Por otra parte, como Alejandra Mercedes M. L., de 24 a\u00f1os de edad, fue identificada la mujer que muri\u00f3 ayer al mediod\u00eda en la colonia Monte Alb\u00e1n de la agencia de San Mart\u00edn Mexic\u00e1pam, ciudad de Oaxaca.<\/p>\n\n\n\n<p>Seg\u00fan las primeras versiones, presuntamente el autor del feminicidio fue su esposo, conocido como \u201cEl Oso\u201d y prestamista en la Central de Abasto de la capital y otros mercados. Otras fuentes se\u00f1alan que la mujer se broncoaspir\u00f3.<\/p>\n\n\n\n<p>Como se inform\u00f3, la noche del s\u00e1bado en la comunidad de Rancho Llano Grande, del municipio de San Felipe Jalapa de D\u00edaz, fue ultimada a balazos otra mujer.<\/p>\n\n\n\n<p>La v\u00edctima fue identificada como Paula C. S., de 37 a\u00f1os de edad, originaria de San Bartolom\u00e9 Ayautla.<\/p>\n\n\n\n<p>En tanto, la noche del viernes en San Francisco del Mar, municipio de la regi\u00f3n del Istmo de Tehuantepec, fue asesinada en su domicilio la se\u00f1ora Feliciana P. V., de 45 a\u00f1os de edad, y su hijo Jorge L. P., de 24 a\u00f1os de edad. En los cuatro casos no hay personas detenidas.<\/p>\n","protected":false},"excerpt":{"rendered":"<p>Ismael Garc\u00eda M.\/Zona Roja. Oaxaca de Ju\u00e1rez, Oax., 30 de noviembre de 2020.- A cuatro&hellip;<\/p>\n","protected":false},"author":2,"featured_media":20694,"comment_status":"closed","ping_status":"open","sticky":false,"template":"","format":"standard","meta":{"_lmt_disableupdate":"","_lmt_disable":"","_jetpack_memberships_contains_paid_content":false,"footnotes":""},"categories":[109,51],"tags":[610],"class_list":["post-20693","post","type-post","status-publish","format-standard","has-post-thumbnail","hentry","category-minuto-a-minuto","category-zona-roja","tag-feminicidios-oaxaca"],"jetpack_featured_media_url":"https:\/\/zonaroja.com.mx\/wp-content\/uploads\/2020\/11\/Asesinada-en-la-capital.jpg","jetpack_sharing_enabled":true,"_links":{"self":[{"href":"https:\/\/zonaroja.com.mx\/index.php?rest_route=\/wp\/v2\/posts\/20693","targetHints":{"allow":["GET"]}}],"collection":[{"href":"https:\/\/zonaroja.com.mx\/index.php?rest_route=\/wp\/v2\/posts"}],"about":[{"href":"https:\/\/zonaroja.com.mx\/index.php?rest_route=\/wp\/v2\/types\/post"}],"author":[{"embeddable":true,"href":"https:\/\/zonaroja.com.mx\/index.php?rest_route=\/wp\/v2\/users\/2"}],"replies":[{"embeddable":true,"href":"https:\/\/zonaroja.com.mx\/index.php?rest_route=%2Fwp%2Fv2%2Fcomments&post=20693"}],"version-history":[{"count":1,"href":"https:\/\/zonaroja.com.mx\/index.php?rest_route=\/wp\/v2\/posts\/20693\/revisions"}],"predecessor-version":[{"id":20695,"href":"https:\/\/zonaroja.com.mx\/index.php?rest_route=\/wp\/v2\/posts\/20693\/revisions\/20695"}],"wp:featuredmedia":[{"embeddable":true,"href":"https:\/\/zonaroja.com.mx\/index.php?rest_route=\/wp\/v2\/media\/20694"}],"wp:attachment":[{"href":"https:\/\/zonaroja.com.mx\/index.php?rest_route=%2Fwp%2Fv2%2Fmedia&parent=20693"}],"wp:term":[{"taxonomy":"category","embeddable":true,"href":"https:\/\/zonaroja.com.mx\/index.php?rest_route=%2Fwp%2Fv2%2Fcategories&post=20693"},{"taxonomy":"post_tag","embeddable":true,"href":"https:\/\/zonaroja.com.mx\/index.php?rest_route=%2Fwp%2Fv2%2Ftags&post=20693"}],"curies":[{"name":"wp","href":"https:\/\/api.w.org\/{rel}","templated":true}]}}