{"id":20696,"date":"2020-11-30T08:08:18","date_gmt":"2020-11-30T14:08:18","guid":{"rendered":"http:\/\/www.zonaroja.com.mx\/?p=20696"},"modified":"2020-11-30T08:08:22","modified_gmt":"2020-11-30T14:08:22","slug":"murat-cuatro-anos-sin-obras-lopez-obrador-dos-anos-polemicos","status":"publish","type":"post","link":"https:\/\/zonaroja.com.mx\/?p=20696","title":{"rendered":"Murat, cuatro a\u00f1os sin obras; L\u00f3pez Obrador, dos a\u00f1os pol\u00e9micos"},"content":{"rendered":"\n<p>Ismael Garc\u00eda M.\/Zona Roja.<\/p>\n\n\n\n<p>Oaxaca de Ju\u00e1rez, Oax., 30 de noviembre de 2020.- Este martes 1 de diciembre, Alejandro Murat Hinojosa inicia su quinto y pen\u00faltimo a\u00f1o de gobierno, con muchas m\u00e1s penas que gloria, con creciente deuda y sin obras p\u00fablicas propias.<\/p>\n\n\n\n<p>En tanto, Andr\u00e9s Manuel L\u00f3pez Obrador arranca su tercer a\u00f1o del sexenio, en medio de fuertes pol\u00e9micas, con algunas obras importantes, con creciente disminuci\u00f3n de popularidad, con pleitos permanentes con enemigos autocreados y con muchas resistencias que no ha logrado vencer, para consolidar su Cuarta Transformaci\u00f3n.<\/p>\n\n\n\n<p>Del mandatario originario del Estado de M\u00e9xico, desde inicios de este a\u00f1o dijimos que al terminar la mitad de su mandato, ya hab\u00eda dado por concluido su sexenio, para dedicarse a la b\u00fasqueda de su futuro pol\u00edtico personal y el de su esposa Ivette Mor\u00e1n con L\u00f3pez Obrador, dejando el PRI en manos de Alejandro Avil\u00e9s.<\/p>\n\n\n\n<p>Murat Hinojosa inici\u00f3 con muchas expectativas; joven, casado y con matrimonio hasta ahora estable; atractivo mercadol\u00f3gicamente y con aparentes deseos de transformar Oaxaca.<\/p>\n\n\n\n<p>Pero a cuatro a\u00f1os, el gobierno ni ha creado ni construido; ni la entidad ha crecido y en cambio s\u00f3lo hay acciones medi\u00e1ticas, principalmente con la mayor\u00eda de medios de comunicaci\u00f3n en la Ciudad de M\u00e9xico y a trav\u00e9s de redes sociales.<\/p>\n\n\n\n<p>Es cierto, ha enfrentado muchas adversidades naturales &#8211;como lo enfrent\u00f3 su padre en su sexenio; como lo enfrent\u00f3 Ulises Ruiz con la revuelta social, pero que s\u00ed dejaron obras p\u00fablicas visibles y efectivas&#8211;, como dos fuertes sismos, desastres por lluvias y ahora pandemia por Covid.<\/p>\n\n\n\n<p>Pero esta pandemia en absoluto disminuy\u00f3 el flujo presupuestal destinado para este a\u00f1o; en cambio, ha generado m\u00faltiples ahorros en actividades p\u00fablicas y de personal, dinero que no se ve por ning\u00fan lado.<\/p>\n\n\n\n<p>Hay mucho y hay poco qu\u00e9 analizar de los cuatro a\u00f1os de Alejandro Murat. Creciente deuda p\u00fablica, como los tres mil 500 millones de pesos autorizados en octubre pasado y de los que apenas est\u00e1 utilizando para destinar mil 200 millones a obras y el resto a pago de la deuda.<\/p>\n\n\n\n<p>Pero las obras no son de gran envergadura; no hay, en absoluto, acciones relevantes como en su tiempo dejaron otros gobernadores, con excepci\u00f3n de Gabino Cu\u00e9, que s\u00f3lo hered\u00f3 un puente a desnivel en el crucero de Cinco Se\u00f1ores de la capital.<\/p>\n\n\n\n<p>De Jos\u00e9 Murat se recuerdan grandes obras de salud y principalmente educativas, como la creaci\u00f3n de universidades, ahora del Suneo; como los centros de rehabilitaci\u00f3n del DIF; como los distribuidores viales conocidos como vueltas inglesas; como la ampliaci\u00f3n a cuatro carriles por los tres accesos a la capital y en muchos municipios m\u00e1s. Por cierto, \u00e9l inici\u00f3 la supercarretera Oaxaca-Istmo, tras una huelga de hambre en la ciudad de M\u00e9xico.<\/p>\n\n\n\n<p>Como Ulises Ruiz, cuya distinci\u00f3n fue ampliar el sistema de universidades y un vasto legado de cl\u00ednicas y hospitales, a pesar de que varios de ellos no concluy\u00f3; dos a\u00f1os no pudo gobernar o lo hizo huyendo, pero por sobre eso, hay obras p\u00fablicas relevantes, como el adoquinado del z\u00f3calo y de varias calles del Centro Hist\u00f3rico.<\/p>\n\n\n\n<p>Hablar de ambos ex mandatarios no significa pontificar su sexenio, lleno de m\u00faltiples irregularidades, sino poner un ejemplo de lo que han hecho los dos anteriores gobernadores surgidos del PRI.<\/p>\n\n\n\n<p>Un ejercicio simple: \u00bfqu\u00e9 obra relevante recuerda del gobierno de Alejandro Murat a cuatro a\u00f1os? Ninguno. Quiz\u00e1, la rehabilitaci\u00f3n de la unidad deportiva \u201cRicardo Flores Mag\u00f3n\u201d, pero efectuada con recursos federales; quiz\u00e1 el centro de sericultura en Cajonos, pero que servir\u00e1 para un fin espec\u00edfico, comercial, de una familia. No hay m\u00e1s. Todo lo que presume, es hechura de L\u00f3pez Obrador.<\/p>\n\n\n\n<p>Los dos \u00faltimos a\u00f1os que vienen, ser\u00e1n netamente pol\u00edticos, el 2021, para elegir diputados locales, federales y presidentes municipales; el 2020, la sucesi\u00f3n en la gubernatura; por lo tanto, ser\u00e1n dos a\u00f1os dedicados a la pol\u00edtica y al proselitismo y no a atender los m\u00faltiples y graves problemas sociales.<\/p>\n\n\n\n<p>\u00bfY L\u00d3PEZ OBRADOR?<\/p>\n\n\n\n<p>\u00bfY el tabasque\u00f1o? A nivel general, la popularidad de Andr\u00e9s Manuel L\u00f3pez Obrador ha ido en descenso, y las encuestas que se publicar\u00e1n esta semana, lo confirmar\u00e1n.<\/p>\n\n\n\n<p>Pese a ello, conserva el m\u00e1s alto porcentaje de aceptaci\u00f3n que cualquier otro gobernante; aprobaci\u00f3n que no ha sabido aprovechar m\u00e1s que concentrar el poder, incluyendo la sujeci\u00f3n del Judicial y del Legislativo, lo que de poco ha servido para transformar al pa\u00eds.<\/p>\n\n\n\n<p>La Cuarta Transformaci\u00f3n nada m\u00e1s no termina de sentar sus bases, pues el Presidente de M\u00e9xico se la ha pasado culpando a los \u201cconservadores\u201d de todos los males que tiene el pa\u00eds y peleando con enemigos imaginarios, como el Frente Nacional Anti AMLO.<\/p>\n\n\n\n<p>Tambi\u00e9n, es mucho y poco lo que se puede analizar de los dos a\u00f1os del sexenio; para muestra, los constantes reclamos en cada gira presidencial que realiza, como el domingo en Baja California, en que le increparon para exigir medicinas contra el c\u00e1ncer.<\/p>\n\n\n\n<p>La seguridad est\u00e1 al tope; no ha cedido una mil\u00e9sima y los grupos del crimen organizado cada d\u00eda son m\u00e1s poderosos; no se les ha tocado ni con una hoja de mariguana. \u00bfQu\u00e9 decir de los feminicidios y los cr\u00edmenes de periodistas?, tambi\u00e9n en ascenso.<\/p>\n\n\n\n<p>\u00bfAcabar con la impunidad sexenal priista? En absoluto, y la muestra son las negociaciones que emprende con detenidos del gobierno de Enrique Pe\u00f1a Nieto, a quien por cierto la justicia no alcanzar\u00e1.<\/p>\n\n\n\n<p>Eso s\u00ed, ha ganado cada d\u00eda m\u00e1s probables electores, al entregar de manera directa los apoyos asistenciales a todos los segmentos de la poblaci\u00f3n. Eso s\u00ed, le agradecen, y mucho, en las comunidades que el apoyo al campo, a los j\u00f3venes, a las madres, a los estudiantes, llegue de manera inmediata y no a trav\u00e9s de intermediarios priistas, como suced\u00eda sexenios atr\u00e1s, que lucraban con los programas.<\/p>\n\n\n\n<p>Eso s\u00ed, Oaxaca no se puede quejar del apoyo presidencial y muy probablemente L\u00f3pez Obrador pase a la historia como el hombre que deton\u00f3 el desarrollo de esta entidad y del sur-sureste de M\u00e9xico.<\/p>\n\n\n\n<p>Hay muchas razones para considerar que en su sexenio se concluir\u00e1n, ahora s\u00ed, las supercarreteras al Istmo y a la Costa; m\u00e1s de un centenar de municipios pueden presumir carreteras pavimentadas con trabajo propio y de manera artesanal.<\/p>\n\n\n\n<p>El proyecto trans\u00edstmico, pese a resistencias, avanza y ser\u00e1 la corona de la joya si al concluir su sexenio, deja sentadas las bases del desarrollo de esa regi\u00f3n, que incluyen el rescate y la modernizaci\u00f3n de la v\u00eda f\u00e9rrea que une al Pac\u00edfico con el Atl\u00e1ntico, as\u00ed como de la refiner\u00eda de Pemex y la terminal mar\u00edtima de Salina Cruz, adem\u00e1s de promover la llegada de empresas.<\/p>\n\n\n\n<p>El pero. Morena no se ha podido consolidar pese a estos \u00faltimos esfuerzos, y en consecuencia el Presidente de M\u00e9xico no tiene un respaldo pol\u00edtico fuerte. La semana pasada apenas, un grupo de morenistas, incluyendo legisladores, comenzaron a caminar y recorrer comunidades para resaltar las acciones de L\u00f3pez Obrador, lo que debieron hacer todos los beneficiados de la Cuarta Transformaci\u00f3n desde hace mucho.<\/p>\n\n\n\n<p>\u00bfQu\u00e9 esperar del mandatario mexicano? Que modere su conducta agresiva en contra de los medios de comunicaci\u00f3n y de sus cr\u00edticos; que pelee menos, que concilie, que dialogue, que enfrente con fuerza los graves problemas de M\u00e9xico, entre ellos la inseguridad. Y a\u00fan le quedan cuatro a\u00f1os para lograrlo.<\/p>\n","protected":false},"excerpt":{"rendered":"<p>Ismael Garc\u00eda M.\/Zona Roja. Oaxaca de Ju\u00e1rez, Oax., 30 de noviembre de 2020.- Este martes&hellip;<\/p>\n","protected":false},"author":2,"featured_media":7610,"comment_status":"closed","ping_status":"open","sticky":false,"template":"","format":"standard","meta":{"_lmt_disableupdate":"","_lmt_disable":"","_jetpack_memberships_contains_paid_content":false,"footnotes":""},"categories":[456,109,48],"tags":[1353],"class_list":["post-20696","post","type-post","status-publish","format-standard","has-post-thumbnail","hentry","category-columna","category-minuto-a-minuto","category-zona-critica","tag-opinion-zona-critica"],"jetpack_featured_media_url":"https:\/\/zonaroja.com.mx\/wp-content\/uploads\/2020\/01\/Opini\u00f3n-Zona-Cr\u00edtica.jpg","jetpack_sharing_enabled":true,"_links":{"self":[{"href":"https:\/\/zonaroja.com.mx\/index.php?rest_route=\/wp\/v2\/posts\/20696","targetHints":{"allow":["GET"]}}],"collection":[{"href":"https:\/\/zonaroja.com.mx\/index.php?rest_route=\/wp\/v2\/posts"}],"about":[{"href":"https:\/\/zonaroja.com.mx\/index.php?rest_route=\/wp\/v2\/types\/post"}],"author":[{"embeddable":true,"href":"https:\/\/zonaroja.com.mx\/index.php?rest_route=\/wp\/v2\/users\/2"}],"replies":[{"embeddable":true,"href":"https:\/\/zonaroja.com.mx\/index.php?rest_route=%2Fwp%2Fv2%2Fcomments&post=20696"}],"version-history":[{"count":1,"href":"https:\/\/zonaroja.com.mx\/index.php?rest_route=\/wp\/v2\/posts\/20696\/revisions"}],"predecessor-version":[{"id":20697,"href":"https:\/\/zonaroja.com.mx\/index.php?rest_route=\/wp\/v2\/posts\/20696\/revisions\/20697"}],"wp:featuredmedia":[{"embeddable":true,"href":"https:\/\/zonaroja.com.mx\/index.php?rest_route=\/wp\/v2\/media\/7610"}],"wp:attachment":[{"href":"https:\/\/zonaroja.com.mx\/index.php?rest_route=%2Fwp%2Fv2%2Fmedia&parent=20696"}],"wp:term":[{"taxonomy":"category","embeddable":true,"href":"https:\/\/zonaroja.com.mx\/index.php?rest_route=%2Fwp%2Fv2%2Fcategories&post=20696"},{"taxonomy":"post_tag","embeddable":true,"href":"https:\/\/zonaroja.com.mx\/index.php?rest_route=%2Fwp%2Fv2%2Ftags&post=20696"}],"curies":[{"name":"wp","href":"https:\/\/api.w.org\/{rel}","templated":true}]}}