{"id":20704,"date":"2020-11-30T13:11:42","date_gmt":"2020-11-30T19:11:42","guid":{"rendered":"https:\/\/www.zonaroja.com.mx\/?p=20704"},"modified":"2020-11-30T13:13:45","modified_gmt":"2020-11-30T19:13:45","slug":"reportan-ejecucion-de-una-persona-en-san-miguel-soyaltepec","status":"publish","type":"post","link":"https:\/\/zonaroja.com.mx\/?p=20704","title":{"rendered":"Reportan ejecuci\u00f3n de una persona en San Miguel Soyaltepec"},"content":{"rendered":"\n<p class=\"MsoNormal\">Redacci\u00f3n\/Zona Roja.<\/p>\n\n\n\n<p class=\"MsoNormal\">Oaxaca de Ju\u00e1rez, Oax., 30 de noviembre de 2020.- Los hechos violentos contin\u00faan en la regi\u00f3n de la Cuenca del Papaloapan, donde&nbsp;<a href=\"\/\/1\">este lunes<\/a>&nbsp;se registr\u00f3 la ejecuci\u00f3n de una persona en el municipio de San Miguel Soyaltepec.<\/p>\n\n\n\n<p class=\"MsoNormal\">Autoridades Policiales reportaron que durante esta ma\u00f1ana se localiz\u00f3 un auto y el cuerpo sin vida de un joven var\u00f3n en la comunidad de Amapa, en un camino de terracer\u00eda que conecta con la comunidad de Paso Rinc\u00f3n, en San Juan Bautista Tuxtepec, <\/p>\n\n\n\n<p class=\"MsoNormal\">De acuerdo con el informe, la v\u00edctima presentaba varios impactos de arma de fuego, quien qued\u00f3 sin vida de rodillas, con el torso sobre el asiento del copiloto de un veh\u00edculo tipo Jetta, color verde. <\/p>\n\n\n\n<p class=\"MsoNormal\">El occiso fue identificado como Luis Fernando B. S. de 23 a\u00f1os, originario del municipio de Tierra Blanca, Veracruz.<\/p>\n\n\n\n<p class=\"MsoNormal\">El pasado 21 de octubre, en este municipio se registr\u00f3 el hallazgo de dos cuerpo desmembrados y embolsados, abandonados en la vialidad de acceso a la poblaci\u00f3n; junto a los cuerpos, tambi\u00e9n se localiz\u00f3 una cartulina con mensajes de amenazas.&nbsp;<\/p>\n\n\n\n<p class=\"MsoNormal\">FATAL VOLCADURA<\/p>\n\n\n\n<p class=\"MsoNormal\">Por otra parte, el deterioro de un camino de terracer\u00eda provoc\u00f3 un fatal accidente en el municipio de San Miguel Soyaltepec, en la Cuenca, donde una persona perdi\u00f3 la vida.<\/p>\n\n\n\n<p class=\"MsoNormal\">El tr\u00e1gico hecho se registr\u00f3 en la carretera local que comunica a las comunidades de Las Pilas y la agencia de Las Margaritas, donde un cami\u00f3n tipo volteo se volc\u00f3 en una de las curvas, desgaj\u00e1ndose parte de la vialidad de terracer\u00eda.  Ante el percance, se report\u00f3 que una persona perdi\u00f3 la vida.<\/p>\n","protected":false},"excerpt":{"rendered":"<p>Redacci\u00f3n\/Zona Roja. Oaxaca de Ju\u00e1rez, Oax., 30 de noviembre de 2020.- Los hechos violentos contin\u00faan&hellip;<\/p>\n","protected":false},"author":2,"featured_media":20703,"comment_status":"closed","ping_status":"open","sticky":false,"template":"","format":"standard","meta":{"_lmt_disableupdate":"","_lmt_disable":"","_jetpack_memberships_contains_paid_content":false,"footnotes":""},"categories":[109,51],"tags":[1306],"class_list":["post-20704","post","type-post","status-publish","format-standard","has-post-thumbnail","hentry","category-minuto-a-minuto","category-zona-roja","tag-temascal-san-miguel-soyaltepec"],"jetpack_featured_media_url":"https:\/\/zonaroja.com.mx\/wp-content\/uploads\/2020\/11\/dc22ed2b-8605-46ef-8934-75776fa022c3.jpg","jetpack_sharing_enabled":true,"_links":{"self":[{"href":"https:\/\/zonaroja.com.mx\/index.php?rest_route=\/wp\/v2\/posts\/20704","targetHints":{"allow":["GET"]}}],"collection":[{"href":"https:\/\/zonaroja.com.mx\/index.php?rest_route=\/wp\/v2\/posts"}],"about":[{"href":"https:\/\/zonaroja.com.mx\/index.php?rest_route=\/wp\/v2\/types\/post"}],"author":[{"embeddable":true,"href":"https:\/\/zonaroja.com.mx\/index.php?rest_route=\/wp\/v2\/users\/2"}],"replies":[{"embeddable":true,"href":"https:\/\/zonaroja.com.mx\/index.php?rest_route=%2Fwp%2Fv2%2Fcomments&post=20704"}],"version-history":[{"count":1,"href":"https:\/\/zonaroja.com.mx\/index.php?rest_route=\/wp\/v2\/posts\/20704\/revisions"}],"predecessor-version":[{"id":20705,"href":"https:\/\/zonaroja.com.mx\/index.php?rest_route=\/wp\/v2\/posts\/20704\/revisions\/20705"}],"wp:featuredmedia":[{"embeddable":true,"href":"https:\/\/zonaroja.com.mx\/index.php?rest_route=\/wp\/v2\/media\/20703"}],"wp:attachment":[{"href":"https:\/\/zonaroja.com.mx\/index.php?rest_route=%2Fwp%2Fv2%2Fmedia&parent=20704"}],"wp:term":[{"taxonomy":"category","embeddable":true,"href":"https:\/\/zonaroja.com.mx\/index.php?rest_route=%2Fwp%2Fv2%2Fcategories&post=20704"},{"taxonomy":"post_tag","embeddable":true,"href":"https:\/\/zonaroja.com.mx\/index.php?rest_route=%2Fwp%2Fv2%2Ftags&post=20704"}],"curies":[{"name":"wp","href":"https:\/\/api.w.org\/{rel}","templated":true}]}}