{"id":20706,"date":"2020-11-30T16:26:40","date_gmt":"2020-11-30T22:26:40","guid":{"rendered":"http:\/\/www.zonaroja.com.mx\/?p=20706"},"modified":"2020-11-30T16:26:45","modified_gmt":"2020-11-30T22:26:45","slug":"inicia-la-semana-y-resurge-la-ingobernabilidad-en-oaxaca","status":"publish","type":"post","link":"https:\/\/zonaroja.com.mx\/?p=20706","title":{"rendered":"Inicia la semana y resurge la ingobernabilidad en Oaxaca"},"content":{"rendered":"\n<p>Evlin Arag\u00f3n\/Zona Roja.<\/p>\n\n\n\n<p>Oaxaca de Ju\u00e1rez, Oax., 30 de septiembre de 2020.- La ingobernabilidad en Oaxaca resurgi\u00f3 este lunes, con la capital sitiada por trabajadores del sector salud; bloqueo por unas horas por parte de San Antonio de la Cal y protestas de militantes del Frente Popular \u201c14 de Junio\u201d.<\/p>\n\n\n\n<p>Este lunes, desde temprana hora, integrantes de la Secci\u00f3n 35 del Sindicato Nacional de Trabajadores de la Secretar\u00eda de Salud reiniciaron con su jornada de lucha que incluye la \u201ctoma\u201d de dependencias y bloqueo de vialidades en la capital para exigir el pago de sus bonos de fin de a\u00f1o.\u00a0\u00a0<\/p>\n\n\n\n<figure class=\"wp-block-embed-twitter wp-block-embed is-type-rich is-provider-twitter\"><div class=\"wp-block-embed__wrapper\">\n<div class=\"twitter-tweet\"><blockquote class=\"twitter-tweet\" data-lang=\"es\"><p lang=\"es\" dir=\"ltr\"><a href=\"https:\/\/twitter.com\/hashtag\/%C3%9AltimoMinuto?src=hash&amp;ref_src=twsrc%5Etfw\">#\u00daltimoMinuto<\/a><br>Afiliados a la Secci\u00f3n 35 del Sindicato Nacional de Trabajadores de la Secretar\u00eda de Salud, reanudan bloqueos a oficinas de los Servicios de Salud y a vialidades en el centro de la capital y la colonia Reforma, en demanda de bonos. <a href=\"https:\/\/t.co\/4YTWEzSXGy\">pic.twitter.com\/4YTWEzSXGy<\/a><\/p>&mdash; Zona Roja Oaxaca (@MexRoja) <a href=\"https:\/\/twitter.com\/MexRoja\/status\/1333417787461660675?ref_src=twsrc%5Etfw\">30 de noviembre de 2020<\/a><\/blockquote><\/div>\n<\/div><\/figure>\n\n\n\n<p>Por tal motivo las oficinas de los Servicios de Salud de Oaxaca ubicadas en el Centro Hist\u00f3rico y la colonia Reforma, la dependencia del Servicio de Administraci\u00f3n Tributaria y vialidades aleda\u00f1as, fueron cerradas por la gremial, que desde ayer anunci\u00f3 sus actividades de protesta, la cuales ir\u00e1n incrementado en caso de que no exista respuesta favorable por parte de las autoridades.&nbsp;<\/p>\n\n\n\n<p>Miguel Cabrera esquina Nu\u00f1o del Mercado, Garc\u00eda Vigil, J.P. Garc\u00eda, Independencia y Crespo son las calles que presentan complicaciones viales debido a la manifestaci\u00f3n del sector salud, as\u00ed como Violetas ubicada en la parte norte de la ciudad.&nbsp;<\/p>\n\n\n\n<p>Aunque el aviso inclu\u00eda el bloqueo a los cruceros y acceso m\u00e1s importantes a la ciudad, hasta el medio d\u00eda no se concret\u00f3 dicha actividad, la cual no se descarta para los pr\u00f3ximos d\u00edas de acuerdo con lo expuesto por la dirigencia sindical y la experiencia previa de otras movilizaciones.&nbsp;<\/p>\n\n\n\n<p>PESE A AVISO<\/p>\n\n\n\n<figure class=\"wp-block-embed-twitter wp-block-embed is-type-rich is-provider-twitter\"><div class=\"wp-block-embed__wrapper\">\n<div class=\"twitter-tweet\"><blockquote class=\"twitter-tweet\" data-lang=\"es\"><p lang=\"es\" dir=\"ltr\"><a href=\"https:\/\/twitter.com\/hashtag\/%C3%9AltimoMinuto?src=hash&amp;ref_src=twsrc%5Etfw\">#\u00daltimoMinuto<\/a><br>Tambi\u00e9n, un grupo de pobladores de San Antonio de la Cal, respaldados por una escisi\u00f3n del FALP, inician un bloqueo a la v\u00eda federal 175, Oaxaca-Puerto \u00c1ngel, en inmediaciones de ese municipio conurbado a la capital. <a href=\"https:\/\/t.co\/GMXwIFbkVx\">pic.twitter.com\/GMXwIFbkVx<\/a><\/p>&mdash; Zona Roja Oaxaca (@MexRoja) <a href=\"https:\/\/twitter.com\/MexRoja\/status\/1333419244223164416?ref_src=twsrc%5Etfw\">30 de noviembre de 2020<\/a><\/blockquote><\/div>\n<\/div><\/figure>\n\n\n\n<p>Las protestas del sector incluyen el paro de labores en centros de trabajo y cierre de oficinas administrativas, con todo y la pandemia por Covid-19 que sigue registrando un n\u00famero importante de contagios en la capital, principalmente&nbsp;<\/p>\n\n\n\n<p>De acuerdo con Mario F\u00e9lix Pacheco, este lunes 30 de noviembre vence el plazo para que el titular de Poder Ejecutivo brinde una respuesta positiva a sus demandas, misma que debe quedar asentada en una minuta para evitar el incumplimiento de compromiso.&nbsp;<\/p>\n\n\n\n<p>La movilizaci\u00f3n del personal de salud no fue la \u00fanica, ya que vecinos de la colonia Bueno Aires, armados con palos y respaldados por el Frente Amplio de Lucha Popular, activaron un bloqueo sobre la carretera federal 175 a la altura de la gasolinera ubicada en inmediaciones San Antonio de la Cal.<\/p>\n\n\n\n<p>De acuerdo con lo expuesto por los manifestantes, la principal petici\u00f3n es en torno a un recurso para la pavimentaci\u00f3n de la Calle \u00ab16 de Septiembre\u00bb, que aparente ya habr\u00eda llegado, pero que desconocen el motivo por el cual no se ha llevado a cabo la obra.&nbsp;<\/p>\n\n\n\n<p>Ante dicha situaci\u00f3n pidieron al gobierno de Oaxaca una auditor\u00eda al administrador municipal, Alfonso Escobar Mateo, ya que no descartaron que exista un mal uso del recurso p\u00fablico.\u00a0 Despu\u00e9s del mediod\u00eda, el Gobierno del Estado instal\u00f3 una mesa de trabajo hoy mismo, pese a que los inconformes ya hab\u00edan anunciado desde la semana pasada que bloquear\u00edan la vialidad.<\/p>\n\n\n\n<figure class=\"wp-block-embed-twitter wp-block-embed is-type-rich is-provider-twitter\"><div class=\"wp-block-embed__wrapper\">\n<div class=\"twitter-tweet\"><blockquote class=\"twitter-tweet\" data-lang=\"es\"><p lang=\"es\" dir=\"ltr\"><a href=\"https:\/\/twitter.com\/hashtag\/%C3%9AltimoMinuto?src=hash&amp;ref_src=twsrc%5Etfw\">#\u00daltimoMinuto<\/a> <br>El descontrol en la <a href=\"https:\/\/twitter.com\/SEMOVI_GobOax?ref_src=twsrc%5Etfw\">@SEMOVI_GobOax<\/a> y la <a href=\"https:\/\/twitter.com\/SEGEGO_GobOax?ref_src=twsrc%5Etfw\">@SEGEGO_GobOax<\/a> sigue generando protestas y bloqueos en Oaxaca. Este lunes, mototaxistas del Frente Popular \u201c14 de Junio\u201d bloquean la avenida Ferrocarril, cerca del crucero de Cinco Se\u00f1ores en la capital. <a href=\"https:\/\/t.co\/ZtN6vEVJsO\">pic.twitter.com\/ZtN6vEVJsO<\/a><\/p>&mdash; Zona Roja Oaxaca (@MexRoja) <a href=\"https:\/\/twitter.com\/MexRoja\/status\/1333510293314408448?ref_src=twsrc%5Etfw\">30 de noviembre de 2020<\/a><\/blockquote><\/div>\n<\/div><\/figure>\n\n\n\n<p>En tanto, mototaxistas afiliados al Frente Popular \u201c14 de Junio\u201d, cerraron desde el mediod\u00eda la avenida Ferrocarril, en la confluencia de la ciudad de Oaxaca con Santa Luc\u00eda del Camino.<\/p>\n\n\n\n<p>Lo anterior, al exigir a la Polic\u00eda Vial del Estado que les regrese una unidad de motor que les fue decomisada debido a irregularidades. Despu\u00e9s de las 16:00 horas, extendieron de manera moment\u00e1nea su bloqueo al crucero de Cinco Se\u00f1ores.<\/p>\n\n\n\n<p>Lo anterior se suma al cierre de circulaci\u00f3n en avenida Perif\u00e9rico con direcci\u00f3n a la Central de Abasto, debido a trabajos de obra p\u00fablica, que complican a\u00fan m\u00e1s la circulaci\u00f3n en el coraz\u00f3n de la ciudad, en donde la poblaci\u00f3n se ha tenido que resignar a padecer esta situaci\u00f3n de manera cotidiana, ante la falta de capacidad de las autoridades en resolver la demanda social.&nbsp;<\/p>\n","protected":false},"excerpt":{"rendered":"<p>Evlin Arag\u00f3n\/Zona Roja. Oaxaca de Ju\u00e1rez, Oax., 30 de septiembre de 2020.- La ingobernabilidad en&hellip;<\/p>\n","protected":false},"author":2,"featured_media":20707,"comment_status":"closed","ping_status":"open","sticky":false,"template":"","format":"standard","meta":{"_lmt_disableupdate":"","_lmt_disable":"","_jetpack_memberships_contains_paid_content":false,"footnotes":""},"categories":[109,47],"tags":[2264],"class_list":["post-20706","post","type-post","status-publish","format-standard","has-post-thumbnail","hentry","category-minuto-a-minuto","category-zona-gris","tag-bloqueos-y-protestas-oaxaca"],"jetpack_featured_media_url":"https:\/\/zonaroja.com.mx\/wp-content\/uploads\/2020\/11\/Bloqueos-SSO.jpg","jetpack_sharing_enabled":true,"_links":{"self":[{"href":"https:\/\/zonaroja.com.mx\/index.php?rest_route=\/wp\/v2\/posts\/20706","targetHints":{"allow":["GET"]}}],"collection":[{"href":"https:\/\/zonaroja.com.mx\/index.php?rest_route=\/wp\/v2\/posts"}],"about":[{"href":"https:\/\/zonaroja.com.mx\/index.php?rest_route=\/wp\/v2\/types\/post"}],"author":[{"embeddable":true,"href":"https:\/\/zonaroja.com.mx\/index.php?rest_route=\/wp\/v2\/users\/2"}],"replies":[{"embeddable":true,"href":"https:\/\/zonaroja.com.mx\/index.php?rest_route=%2Fwp%2Fv2%2Fcomments&post=20706"}],"version-history":[{"count":1,"href":"https:\/\/zonaroja.com.mx\/index.php?rest_route=\/wp\/v2\/posts\/20706\/revisions"}],"predecessor-version":[{"id":20708,"href":"https:\/\/zonaroja.com.mx\/index.php?rest_route=\/wp\/v2\/posts\/20706\/revisions\/20708"}],"wp:featuredmedia":[{"embeddable":true,"href":"https:\/\/zonaroja.com.mx\/index.php?rest_route=\/wp\/v2\/media\/20707"}],"wp:attachment":[{"href":"https:\/\/zonaroja.com.mx\/index.php?rest_route=%2Fwp%2Fv2%2Fmedia&parent=20706"}],"wp:term":[{"taxonomy":"category","embeddable":true,"href":"https:\/\/zonaroja.com.mx\/index.php?rest_route=%2Fwp%2Fv2%2Fcategories&post=20706"},{"taxonomy":"post_tag","embeddable":true,"href":"https:\/\/zonaroja.com.mx\/index.php?rest_route=%2Fwp%2Fv2%2Ftags&post=20706"}],"curies":[{"name":"wp","href":"https:\/\/api.w.org\/{rel}","templated":true}]}}