{"id":20709,"date":"2020-11-30T17:54:09","date_gmt":"2020-11-30T23:54:09","guid":{"rendered":"http:\/\/www.zonaroja.com.mx\/?p=20709"},"modified":"2020-11-30T17:54:12","modified_gmt":"2020-11-30T23:54:12","slug":"retuvieron-otra-vez-al-presidente-municipal-de-ayotzintepec-oaxaca","status":"publish","type":"post","link":"https:\/\/zonaroja.com.mx\/?p=20709","title":{"rendered":"Retuvieron otra vez al presidente municipal de Ayotzintepec, Oaxaca"},"content":{"rendered":"\n<p>Yuridiana Sosa\/Zona Roja. Foto: Archivo<\/p>\n\n\n\n<p>San Juan Bautista Tuxtepec, Oax., 30 de noviembre de 2020.- Por cerca de ocho horas, el presidente municipal de Ayotzintepec, V\u00edctor Mendoza Velasco, fue retenido este domingo por habitantes de San Pedro Ozumac\u00edn, para exigir la entrega de tres millones 700 mil pesos para la ejecuci\u00f3n de obras.<\/p>\n\n\n\n<p>Pobladores y autoridades auxiliares aprovecharon la presencia del edil en la comunidad, donde encabez\u00f3 una asamblea, pero no permitieron su retiro hasta conseguir el acuerdo de una reuni\u00f3n con la Secretar\u00eda General de Gobierno (Segego), por lo que fue liberado cerca de las 20:00 horas.<\/p>\n\n\n\n<p>Los inconformes demandan el recurso perteneciente al Ramo 33, el cual requieren que se entregue en efectivo para ser administrados por ellos, situaci\u00f3n que el presidente municipal se\u00f1al\u00f3 que no era posible, debido a las reglas de operaci\u00f3n de los recursos.<\/p>\n\n\n\n<p>El coordinador del Gobierno del Estado en la regi\u00f3n de la Cuenca, V\u00edctor Virgen, se\u00f1al\u00f3 que la comunidad refiere un proyecto de pavimentaci\u00f3n, el cual ya comenz\u00f3 con el levantamiento topogr\u00e1fico, pues ya est\u00e1 programado, pero la molestia principal de las autoridades auxiliares es que quieren el dinero en efectivo.<\/p>\n\n\n\n<p>Esta no es la primera vez que los habitantes de Ayotzintepec retienen V\u00edctor Mendoza, lo cual tambi\u00e9n est\u00e1 ligado a un problema pol\u00edtico.<\/p>\n\n\n\n<p>El Cabildo est\u00e1 dividido en dos grupos, situaci\u00f3n por la que la Segego demand\u00f3 al edil trabajar por medio de mesas de trabajo con todo su equipo, sin excluir de las decisiones municipales al grupo disidente, indic\u00f3 el funcionario estatal.<\/p>\n\n\n\n<p>En enero de este a\u00f1o estall\u00f3 un problema pol\u00edtico-social, cuando la poblaci\u00f3n desconoci\u00f3 como su presidente a V\u00edctor Mendoza al no ofrecer cuentas claras sobre el uso de los recursos p\u00fablicos.<\/p>\n\n\n\n<p>Ante la inconformidad, otras 16 personas, entre funcionarios municipales y pobladores que defendieron al edil, tambi\u00e9n fueron retenidas durante m\u00e1s de cuatro d\u00edas.<\/p>\n","protected":false},"excerpt":{"rendered":"<p>Yuridiana Sosa\/Zona Roja. Foto: Archivo San Juan Bautista Tuxtepec, Oax., 30 de noviembre de 2020.-&hellip;<\/p>\n","protected":false},"author":2,"featured_media":7832,"comment_status":"closed","ping_status":"open","sticky":false,"template":"","format":"standard","meta":{"_lmt_disableupdate":"","_lmt_disable":"","_jetpack_memberships_contains_paid_content":false,"footnotes":""},"categories":[109,47],"tags":[1301],"class_list":["post-20709","post","type-post","status-publish","format-standard","has-post-thumbnail","hentry","category-minuto-a-minuto","category-zona-gris","tag-ayotzintepec"],"jetpack_featured_media_url":"https:\/\/zonaroja.com.mx\/wp-content\/uploads\/2020\/01\/Edil-Ayotzintepec.jpg","jetpack_sharing_enabled":true,"_links":{"self":[{"href":"https:\/\/zonaroja.com.mx\/index.php?rest_route=\/wp\/v2\/posts\/20709","targetHints":{"allow":["GET"]}}],"collection":[{"href":"https:\/\/zonaroja.com.mx\/index.php?rest_route=\/wp\/v2\/posts"}],"about":[{"href":"https:\/\/zonaroja.com.mx\/index.php?rest_route=\/wp\/v2\/types\/post"}],"author":[{"embeddable":true,"href":"https:\/\/zonaroja.com.mx\/index.php?rest_route=\/wp\/v2\/users\/2"}],"replies":[{"embeddable":true,"href":"https:\/\/zonaroja.com.mx\/index.php?rest_route=%2Fwp%2Fv2%2Fcomments&post=20709"}],"version-history":[{"count":1,"href":"https:\/\/zonaroja.com.mx\/index.php?rest_route=\/wp\/v2\/posts\/20709\/revisions"}],"predecessor-version":[{"id":20710,"href":"https:\/\/zonaroja.com.mx\/index.php?rest_route=\/wp\/v2\/posts\/20709\/revisions\/20710"}],"wp:featuredmedia":[{"embeddable":true,"href":"https:\/\/zonaroja.com.mx\/index.php?rest_route=\/wp\/v2\/media\/7832"}],"wp:attachment":[{"href":"https:\/\/zonaroja.com.mx\/index.php?rest_route=%2Fwp%2Fv2%2Fmedia&parent=20709"}],"wp:term":[{"taxonomy":"category","embeddable":true,"href":"https:\/\/zonaroja.com.mx\/index.php?rest_route=%2Fwp%2Fv2%2Fcategories&post=20709"},{"taxonomy":"post_tag","embeddable":true,"href":"https:\/\/zonaroja.com.mx\/index.php?rest_route=%2Fwp%2Fv2%2Ftags&post=20709"}],"curies":[{"name":"wp","href":"https:\/\/api.w.org\/{rel}","templated":true}]}}