{"id":20711,"date":"2020-11-30T19:14:47","date_gmt":"2020-12-01T01:14:47","guid":{"rendered":"http:\/\/www.zonaroja.com.mx\/?p=20711"},"modified":"2020-11-30T19:14:52","modified_gmt":"2020-12-01T01:14:52","slug":"destaca-diputado-logros-para-oaxaca-en-el-segundo-ano-de-gobierno-de-amlo","status":"publish","type":"post","link":"https:\/\/zonaroja.com.mx\/?p=20711","title":{"rendered":"Destaca diputado logros para Oaxaca en el segundo a\u00f1o de gobierno de AMLO"},"content":{"rendered":"\n<p>Redacci\u00f3n\/Zona Roja.<\/p>\n\n\n\n<p>Oaxaca de Ju\u00e1rez, Oax., 30 de noviembre de 2020. Al de cumplirse dos a\u00f1os del gobierno Presidente de la Rep\u00fablica, Andr\u00e9s Manuel L\u00f3pez Obrador, el diputado Horacio Sosa Villavicencio reconoci\u00f3 los grandes logros del mandatario en favor de la poblaci\u00f3n oaxaque\u00f1a, principalmente la erradicaci\u00f3n de la corrupci\u00f3n y el dispendio; la implantaci\u00f3n de la austeridad, la generaci\u00f3n de bienestar y el establecimiento de una democracia participativa.<\/p>\n\n\n\n<p>El legislador se\u00f1al\u00f3 que a pesar de que L\u00f3pez Obrador ha sido el Presidente m\u00e1s atacado, siempre ha garantizado la libertad de expresi\u00f3n.<\/p>\n\n\n\n<p>En cuanto a la entidad oaxaque\u00f1a, indic\u00f3 que ha sido el primer Presidente que ha volteado a ver a los estados del sureste del pa\u00eds y principalmente a Oaxaca, en donde a trav\u00e9s de programas sociales ha logrado grandes cambios que propician el desarrollo en el pa\u00eds.<\/p>\n\n\n\n<p>El diputado morenista, se\u00f1al\u00f3 que al menos 11 mil 401 familias oaxaque\u00f1as son beneficiadas con los programas Bienestar; asimismo, se ha impulsado la econom\u00eda oaxaque\u00f1a, con una inversi\u00f3n de 655 millones de pesos con la entrega de m\u00e1s de 26 mil 200 cr\u00e9ditos a la palabra.<\/p>\n\n\n\n<figure class=\"wp-block-embed-twitter wp-block-embed is-type-rich is-provider-twitter\"><div class=\"wp-block-embed__wrapper\">\n<div class=\"twitter-tweet\"><blockquote class=\"twitter-tweet\" data-lang=\"es\"><p lang=\"es\" dir=\"ltr\">\u2764\ufe0f\ud83d\udc68\ud83c\udffd\u200d\ud83e\uddb3\u2764\ufe0f Las personas adultas han sido una de las prioridades del gobierno de nuestro presidente <a href=\"https:\/\/twitter.com\/lopezobrador_?ref_src=twsrc%5Etfw\">@lopezobrador_<\/a>.  <br>Dicen en nuestra tierra que &quot;amor con amor se paga&quot; y desde Santa Ana Zegache, <a href=\"https:\/\/twitter.com\/hashtag\/Oaxaca?src=hash&amp;ref_src=twsrc%5Etfw\">#Oaxaca<\/a>, le damos las gracias por estos <a href=\"https:\/\/twitter.com\/hashtag\/2A%C3%B1osDeBuenGobierno?src=hash&amp;ref_src=twsrc%5Etfw\">#2A\u00f1osDeBuenGobierno<\/a>. <a href=\"https:\/\/t.co\/b98MlhiLGc\">pic.twitter.com\/b98MlhiLGc<\/a><\/p>&mdash; Horacio Sosa (@HoracioSosaOax) <a href=\"https:\/\/twitter.com\/HoracioSosaOax\/status\/1333463111785918471?ref_src=twsrc%5Etfw\">30 de noviembre de 2020<\/a><\/blockquote><\/div>\n<\/div><\/figure>\n\n\n\n<p>En materia de educaci\u00f3n, con el objetivo de cumplir con la&nbsp; obligaci\u00f3n constitucional de brindar educaci\u00f3n universal, gratuita, laica, equitativa y universal en todos los niveles, desde la inicial hasta la superior, el Ejecutivo federal destin\u00f3 una inversi\u00f3n de mil 100 millones de pesos para la reparaci\u00f3n, reconstrucci\u00f3n y mejoras en infraestructura de m\u00e1s de 6 mil 325 escuelas.<\/p>\n\n\n\n<p>En tanto en el sector del campo destin\u00f3 a la entidad oaxaque\u00f1a 512 millones de pesos que beneficiaron a 158 mil 685 productores con el programa \u201cProducci\u00f3n para el Bienestar\u201d.<\/p>\n\n\n\n<p>A estas acciones se suman: la pavimentaci\u00f3n de caminos rurales que ha beneficiado a m\u00e1s de 187 mil habitantes en m\u00e1s de 50 municipios.<\/p>\n\n\n\n<p>Sin dejar de lado el apoyo&nbsp; a las personas adultas mayores, que reciben cada dos meses el apoyo econ\u00f3mico de dos mil 260 pesos, entre otros con los que asegur\u00f3 el Presidente de la Rep\u00fablica ha dos a\u00f1os de su gobierno, Andr\u00e9s Manuel L\u00f3pez Obrador cumpli\u00f3 el 96 del 100 por ciento de los compromisos con el pa\u00eds.<\/p>\n","protected":false},"excerpt":{"rendered":"<p>Redacci\u00f3n\/Zona Roja. Oaxaca de Ju\u00e1rez, Oax., 30 de noviembre de 2020. Al de cumplirse dos&hellip;<\/p>\n","protected":false},"author":2,"featured_media":20712,"comment_status":"closed","ping_status":"open","sticky":false,"template":"","format":"standard","meta":{"_lmt_disableupdate":"","_lmt_disable":"","_jetpack_memberships_contains_paid_content":false,"footnotes":""},"categories":[109,46],"tags":[444],"class_list":["post-20711","post","type-post","status-publish","format-standard","has-post-thumbnail","hentry","category-minuto-a-minuto","category-zona-blanca","tag-horacio-sosa-villavicencio"],"jetpack_featured_media_url":"https:\/\/zonaroja.com.mx\/wp-content\/uploads\/2020\/11\/Morena-AMLO.jpg","jetpack_sharing_enabled":true,"_links":{"self":[{"href":"https:\/\/zonaroja.com.mx\/index.php?rest_route=\/wp\/v2\/posts\/20711","targetHints":{"allow":["GET"]}}],"collection":[{"href":"https:\/\/zonaroja.com.mx\/index.php?rest_route=\/wp\/v2\/posts"}],"about":[{"href":"https:\/\/zonaroja.com.mx\/index.php?rest_route=\/wp\/v2\/types\/post"}],"author":[{"embeddable":true,"href":"https:\/\/zonaroja.com.mx\/index.php?rest_route=\/wp\/v2\/users\/2"}],"replies":[{"embeddable":true,"href":"https:\/\/zonaroja.com.mx\/index.php?rest_route=%2Fwp%2Fv2%2Fcomments&post=20711"}],"version-history":[{"count":1,"href":"https:\/\/zonaroja.com.mx\/index.php?rest_route=\/wp\/v2\/posts\/20711\/revisions"}],"predecessor-version":[{"id":20713,"href":"https:\/\/zonaroja.com.mx\/index.php?rest_route=\/wp\/v2\/posts\/20711\/revisions\/20713"}],"wp:featuredmedia":[{"embeddable":true,"href":"https:\/\/zonaroja.com.mx\/index.php?rest_route=\/wp\/v2\/media\/20712"}],"wp:attachment":[{"href":"https:\/\/zonaroja.com.mx\/index.php?rest_route=%2Fwp%2Fv2%2Fmedia&parent=20711"}],"wp:term":[{"taxonomy":"category","embeddable":true,"href":"https:\/\/zonaroja.com.mx\/index.php?rest_route=%2Fwp%2Fv2%2Fcategories&post=20711"},{"taxonomy":"post_tag","embeddable":true,"href":"https:\/\/zonaroja.com.mx\/index.php?rest_route=%2Fwp%2Fv2%2Ftags&post=20711"}],"curies":[{"name":"wp","href":"https:\/\/api.w.org\/{rel}","templated":true}]}}