{"id":20716,"date":"2020-11-30T20:50:06","date_gmt":"2020-12-01T02:50:06","guid":{"rendered":"http:\/\/www.zonaroja.com.mx\/?p=20716"},"modified":"2020-11-30T20:50:10","modified_gmt":"2020-12-01T02:50:10","slug":"edil-de-zaachila-tambien-cometio-violencia-politica-de-genero-lo-declaran-inelegible","status":"publish","type":"post","link":"https:\/\/zonaroja.com.mx\/?p=20716","title":{"rendered":"Edil de Zaachila tambi\u00e9n cometi\u00f3 violencia pol\u00edtica de g\u00e9nero; lo declaran inelegible"},"content":{"rendered":"\n<p>Yuridiana Sosa\/Zona Roja.<\/p>\n\n\n\n<p>Oaxaca de Ju\u00e1rez, Oax., 30 de noviembre de 2020.- La Sala Regional Xalapa del Tribunal Electoral del Poder Judicial de la Federaci\u00f3n (TEPJF) confirm\u00f3 la existencia de violencia pol\u00edtica en raz\u00f3n de g\u00e9nero por parte del edil de la Villa de Zaachila, C\u00e1stulo Bret\u00f3n Mendoza, en contra la regidora de Turismo, Carolina Mart\u00ednez.<\/p>\n\n\n\n<p>En sesi\u00f3n p\u00fablica no presencial de este lunes, el pleno de los magistrados de Sala Xalapa confirm\u00f3 la sentencia que emiti\u00f3 el Tribunal Electoral del Estado de Oaxaca (TEEO), sobre la obstrucci\u00f3n del ejercicio de un derecho pol\u00edtico-electoral.<\/p>\n\n\n\n<p>Pero, adem\u00e1s, el TEPJF determin\u00f3 la p\u00e9rdida de la presunci\u00f3n de tener un modo honesto de vivir del presidente municipal, Castulo Bret\u00f3n, y de diversos integrantes de dicho ayuntamiento de la regi\u00f3n de Valles Centrales, con lo cual ya no podr\u00e1n participar en otros cargos p\u00fablicos.<\/p>\n\n\n\n<p>Tambi\u00e9n decidieron modificar la sentencia con relaci\u00f3n al hecho de que el TEEO declar\u00f3 la p\u00e9rdida de la presunci\u00f3n de contar con un modo honesto de vivir, pues ello deber\u00e1 valorarse en su caso, hasta en tanto se solicite el registro para contender por un cargo de elecci\u00f3n popular, ya que tal presunci\u00f3n se refiere a un requisito de elegibilidad.<\/p>\n\n\n\n<p>Durante la sesi\u00f3n, la Sala Regional Xalapa tambi\u00e9n decidi\u00f3 sobre otros dos casos en materia electoral en la entidad.<\/p>\n\n\n\n<p>Confirm\u00f3 la sentencia del TEEO y del Consejo General del Instituto Estatal Electoral y de Participaci\u00f3n Ciudadana (IEEPCO) sobre la invalidez de la asamblea general electiva extraordinaria de concejales del Ayuntamiento de Santa Mar\u00eda Tlalixtac y orden\u00f3 la realizaci\u00f3n de una nueva elecci\u00f3n.<\/p>\n\n\n\n<p>La Sala Regional coincidi\u00f3 con el Tribunal de Oaxaca en que la asamblea se celebr\u00f3 sin respetar el sistema normativo interno de la comunidad, pues no se acredit\u00f3 la supuesta notificaci\u00f3n a uno de los candidatos para que participara en la reuni\u00f3n en la que se acord\u00f3 la nueva fecha para la celebraci\u00f3n de la asamblea electiva.<\/p>\n\n\n\n<p>Adem\u00e1s, que no existe certeza de que la convocatoria para participar en dicha asamblea se difundi\u00f3 conforme a los usos y costumbres que rigen en la comunidad.<\/p>\n\n\n\n<p>Otro tema, fue el caso de municipio de San Juan Bautista Guelache, del distrito de Etla, sobre el cual el TEPJF confirm\u00f3 la sentencia del TEEO, sobre los agravios infundados presentados por ciudadanos de ese lugar, con los que se impugn\u00f3 la supuesta omisi\u00f3n por parte del Gobernador de Oaxaca de proponer al Congreso del Estado la integraci\u00f3n de un nuevo Concejo Municipal del Ayuntamiento y por parte del Congreso la omisi\u00f3n de designar a los integrantes del referido Concejo Municipal.<\/p>\n\n\n\n<p>Determin\u00f3 que se debe dar vista al titular del Ejecutivo Estatal, al presidente de la Mesa Directiva del Congreso local, as\u00ed como al presidente del Consejo General del Instituto Electoral local, para que en el supuesto de que al d\u00eda \u00faltimo d\u00eda de diciembre del a\u00f1o en curso, no se haya celebrado elecci\u00f3n respectiva, el Instituto referido lo informe a los titulares de los poderes a fin de que en el marco de sus competencias inicien los trabajos sobre la renovaci\u00f3n del Concejo Municipal de San Juan Bautista Guelache.<\/p>\n\n\n\n<p>Dicho asunto deriva de la invalidez de la asamblea general extraordinaria celebrada 04 de febrero de 2018, la cual ha seguido una cadena de impugnaciones.<\/p>\n\n\n\n<p>Entre las decisiones se orden\u00f3 el nombramiento de un Concejo Municipal para el per\u00edodo 2017-2019, encargado de la celebraci\u00f3n de una nueva asamblea electiva extraordinaria para elegir a las autoridades municipales que desempe\u00f1ar\u00e1n el cargo durante el trienio 2020-2022.<\/p>\n","protected":false},"excerpt":{"rendered":"<p>Yuridiana Sosa\/Zona Roja. Oaxaca de Ju\u00e1rez, Oax., 30 de noviembre de 2020.- La Sala Regional&hellip;<\/p>\n","protected":false},"author":2,"featured_media":20717,"comment_status":"closed","ping_status":"open","sticky":false,"template":"","format":"standard","meta":{"_lmt_disableupdate":"","_lmt_disable":"","_jetpack_memberships_contains_paid_content":false,"footnotes":""},"categories":[109,47],"tags":[2265,155],"class_list":["post-20716","post","type-post","status-publish","format-standard","has-post-thumbnail","hentry","category-minuto-a-minuto","category-zona-gris","tag-castulo-breton-mendoza","tag-villa-de-zaachila"],"jetpack_featured_media_url":"https:\/\/zonaroja.com.mx\/wp-content\/uploads\/2020\/11\/Castulo-Breton-Mendoza.jpg","jetpack_sharing_enabled":true,"_links":{"self":[{"href":"https:\/\/zonaroja.com.mx\/index.php?rest_route=\/wp\/v2\/posts\/20716","targetHints":{"allow":["GET"]}}],"collection":[{"href":"https:\/\/zonaroja.com.mx\/index.php?rest_route=\/wp\/v2\/posts"}],"about":[{"href":"https:\/\/zonaroja.com.mx\/index.php?rest_route=\/wp\/v2\/types\/post"}],"author":[{"embeddable":true,"href":"https:\/\/zonaroja.com.mx\/index.php?rest_route=\/wp\/v2\/users\/2"}],"replies":[{"embeddable":true,"href":"https:\/\/zonaroja.com.mx\/index.php?rest_route=%2Fwp%2Fv2%2Fcomments&post=20716"}],"version-history":[{"count":1,"href":"https:\/\/zonaroja.com.mx\/index.php?rest_route=\/wp\/v2\/posts\/20716\/revisions"}],"predecessor-version":[{"id":20718,"href":"https:\/\/zonaroja.com.mx\/index.php?rest_route=\/wp\/v2\/posts\/20716\/revisions\/20718"}],"wp:featuredmedia":[{"embeddable":true,"href":"https:\/\/zonaroja.com.mx\/index.php?rest_route=\/wp\/v2\/media\/20717"}],"wp:attachment":[{"href":"https:\/\/zonaroja.com.mx\/index.php?rest_route=%2Fwp%2Fv2%2Fmedia&parent=20716"}],"wp:term":[{"taxonomy":"category","embeddable":true,"href":"https:\/\/zonaroja.com.mx\/index.php?rest_route=%2Fwp%2Fv2%2Fcategories&post=20716"},{"taxonomy":"post_tag","embeddable":true,"href":"https:\/\/zonaroja.com.mx\/index.php?rest_route=%2Fwp%2Fv2%2Ftags&post=20716"}],"curies":[{"name":"wp","href":"https:\/\/api.w.org\/{rel}","templated":true}]}}