{"id":20719,"date":"2020-11-30T21:13:32","date_gmt":"2020-12-01T03:13:32","guid":{"rendered":"http:\/\/www.zonaroja.com.mx\/?p=20719"},"modified":"2020-11-30T21:13:36","modified_gmt":"2020-12-01T03:13:36","slug":"acusan-a-titular-de-smo-ana-vasquez-de-proteger-a-presunto-violador","status":"publish","type":"post","link":"https:\/\/zonaroja.com.mx\/?p=20719","title":{"rendered":"Acusan a titular de SMO, Ana V\u00e1squez, de proteger a presunto violador"},"content":{"rendered":"\n<p>Redacci\u00f3n\/Zona Roja.<\/p>\n\n\n\n<p>Oaxaca de Ju\u00e1rez, Oax., 30 de noviembre de 2020.- Una ex colaboradora de la Secretar\u00eda de las Mujeres de Oaxaca (SMO), denunci\u00f3 a su ex jefe, Marco A. L. M, por violaci\u00f3n, lesiones y montarle un delito para evitar que interpusiera una denuncia penal por el abuso cometido.<\/p>\n\n\n\n<p>Todo ello con la complicidad de la titular de la dependencia que presuntamente defiende a las femeninas, Ana Isabel V\u00e1zquez Colmenares, y personal de la Fiscal\u00eda General del Estado de Oaxaca (FGEO).<\/p>\n\n\n\n<p>De acuerdo con la v\u00edctima, de 22 a\u00f1os de edad, el pasado mes de julio de 2020 comenz\u00f3 su capacitaci\u00f3n en la SMO por medio del programa federal \u201cJ\u00f3venes Construyendo el Futuro\u201d, donde conoci\u00f3 al Jefe del Departamento de Fortalecimiento a los Procesos Educativos, M. A. L. M., quien meses despu\u00e9s de colaborar juntos, la golpe\u00f3 y ultraj\u00f3, tras negarse a tener una relaci\u00f3n con el implicado.<\/p>\n\n\n\n<p>Luego de los hechos, la joven acudi\u00f3 al Centro PAIMEF de Atenci\u00f3n Integral a Mujeres en Situaci\u00f3n de Violencia de G\u00e9nero &#8211;instituci\u00f3n dependiente de la misma SMO-, donde le negaron la atenci\u00f3n por orden de la subsecretaria de Prevenci\u00f3n de la Violencia de G\u00e9nero de la SMO, Edna Liliana S\u00e1nchez Cort\u00e9s, ya que no iban a \u201cquemar a alguien de su equipo\u201d.&nbsp;<\/p>\n\n\n\n<p>Tras la negativa recibida en la dependencia de Gobierno del Estado, la joven pidi\u00f3 apoyo con las organizaciones feministas: \u201cMarea Verde\u201d, \u201cGES Mujer\u201d, \u201cFeministas Oaxaca\u201d y \u201cAbogadas con Glitter\u201d, quienes ignoraron su queja y, por el contrario, le advirtieron a Ana V\u00e1squez Colmenares que iban a denunciar a una persona de su equipo.<\/p>\n\n\n\n<p>\u201cMinutos despu\u00e9s de que le expuse mi caso a \u2018Marea Verde\u2019, me llam\u00f3 la titular de la SMO y me dijo que ni le siguiera moviendo a ese caso porque me iba a arrepentir, que ella ten\u00eda contactos en todos lados, incluida la prensa y que \u2018Marea Verde\u2019 ya le hab\u00eda avisado que pretend\u00eda denunciar el caso\u201d, se\u00f1al\u00f3 la entrevistada.&nbsp;<\/p>\n\n\n\n<p>Imponente y angustiada, la joven acudi\u00f3 al Ministerio P\u00fablico de la ciudad de Oaxaca a presentar su denuncia; sin embargo, al momento de terminar su declaraci\u00f3n, una persona que colabora en el MP la cit\u00f3 a tres cuadras del lugar.<\/p>\n\n\n\n<p>\u201cNos vimos r\u00e1pidamente en una esquina, donde el MP me dijo que el Fiscal de Alto Impacto, Juventino P\u00e9rez G\u00f3mez, dio la orden de no recibir ninguna denuncia en contra de Marco A. L. M. y que en lugar de ello se procediera contra cualquiera que intentara algo, e incluso hab\u00eda dos carpetas de investigaci\u00f3n en mi contra por acoso y hostigamiento, donde la misma Edna Liliana declara como testigo\u201d record\u00f3 la v\u00edctima<\/p>\n\n\n\n<p>Desesperada, la madre soltera sali\u00f3 del Ministerio P\u00fablico y se dirigi\u00f3 a su hogar para ver a su hija menor de tres a\u00f1os, sin embargo, al llegar a su domicilio ya la esperaba el sobrino de la tambi\u00e9n ex diputada del PRI, Edna Liliana S\u00e1nchez Cort\u00e9s, de nombre Leonardo y quien tambi\u00e9n trabaja en la SMO.<\/p>\n\n\n\n<p>EN EL COLMO, LA GOLPEAN<\/p>\n\n\n\n<p>\u201cLeonardo en compa\u00f1\u00eda de otro hombre ya estaban afuera de mi casa, sin decir nada me empezaron a golpear hasta tirar al piso y al final me dijeron que siempre sabr\u00edan d\u00f3nde encontrarme, que ya ten\u00edan intervenido mi celular y que ten\u00edan mucho poder en todas las dependencias, por lo cual nunca me har\u00e1n caso\u201d.&nbsp;<\/p>\n\n\n\n<p>Como \u00faltimo recurso y tras la represi\u00f3n institucional, la joven mujer intent\u00f3 subir su historia a Facebook por si alguien le cre\u00eda o por si le llegaba a pasar algo, quedara al menos su testimonio. Pero al intentar ingresar a sus redes sociales ya estaban bloqueadas.<\/p>\n\n\n\n<p>Tras esta traba, pero conociendo el poder de las redes sociales, la joven cre\u00f3 otro perfil de Face y cont\u00f3 la historia debajo de las publicaciones de la p\u00e1gina oficial de la SMO, https:\/\/www.facebook.com\/SMOGobOax.&nbsp;<\/p>\n\n\n\n<p>Luego de estas publicaciones, personal de la SMO elimin\u00f3 dichos comentarios y procedi\u00f3 a denunciar todas las cuentas que publicaran algo similar en su contra respecto a este caso en espec\u00edfico para evitar da\u00f1ar su imagen y sus aspiraciones pol\u00edticas.<\/p>\n\n\n\n<p>El pasado 25 de noviembre, en el marco del D\u00eda Internacional de la Eliminaci\u00f3n de la Violencia contra la Mujer, el grupo \u201cGES Mujer\u201d realiz\u00f3 un conversatorio virtual sobre el derecho a las mujeres a una vida libre de violencias, donde participaron; la investigadora de la Universidad Aut\u00f3noma \u201cBenito Ju\u00e1rez\u201d de Oaxaca (UABJO), Leticia Brise\u00f1o Maas; la diputada de Morena, Elisa Zepeda Lagunas, presidenta de la Comisi\u00f3n Permanente de Administraci\u00f3n y Procuraci\u00f3n de Justicia de la 64 Legislatura local, y Ang\u00e9lica Ayala Ortiz, presidenta del Grupo de Estudios sobre la Mujer.<\/p>\n\n\n\n<p>En los minutos finales de la transmisi\u00f3n en vivo que a\u00fan se encuentra en la p\u00e1gina, https:\/\/www.facebook.com\/518741278241299\/videos\/306336987118316\/ con duraci\u00f3n de una hora 16 minutos, bajo el perfil de \u201cYolanda Ram\u00edrez\u201d, la v\u00edctima cont\u00f3 parte de la historia que vivi\u00f3, y fue as\u00ed como este medio de comunicaci\u00f3n inici\u00f3 la investigaci\u00f3n al respecto.<\/p>\n\n\n\n<p>Antes de que terminara la charla, en la ponencia se mencion\u00f3 el caso y le ofrecieron apoyo; sin embargo, la v\u00edctima se\u00f1ala que teme volver a ser traicionada por organizaciones que \u201cdefienden\u201d a la mujer y hasta el momento le han dado la espalda, adem\u00e1s teme por su vida y la de su hija.<\/p>\n","protected":false},"excerpt":{"rendered":"<p>Redacci\u00f3n\/Zona Roja. Oaxaca de Ju\u00e1rez, Oax., 30 de noviembre de 2020.- Una ex colaboradora de&hellip;<\/p>\n","protected":false},"author":2,"featured_media":20720,"comment_status":"closed","ping_status":"open","sticky":false,"template":"","format":"standard","meta":{"_lmt_disableupdate":"","_lmt_disable":"","_jetpack_memberships_contains_paid_content":false,"footnotes":""},"categories":[109,47],"tags":[1887],"class_list":["post-20719","post","type-post","status-publish","format-standard","has-post-thumbnail","hentry","category-minuto-a-minuto","category-zona-gris","tag-secretaria-de-las-mujeres-de-oaxaca"],"jetpack_featured_media_url":"https:\/\/zonaroja.com.mx\/wp-content\/uploads\/2020\/11\/Violencia-en-SMO-contra-mujer.jpg","jetpack_sharing_enabled":true,"_links":{"self":[{"href":"https:\/\/zonaroja.com.mx\/index.php?rest_route=\/wp\/v2\/posts\/20719","targetHints":{"allow":["GET"]}}],"collection":[{"href":"https:\/\/zonaroja.com.mx\/index.php?rest_route=\/wp\/v2\/posts"}],"about":[{"href":"https:\/\/zonaroja.com.mx\/index.php?rest_route=\/wp\/v2\/types\/post"}],"author":[{"embeddable":true,"href":"https:\/\/zonaroja.com.mx\/index.php?rest_route=\/wp\/v2\/users\/2"}],"replies":[{"embeddable":true,"href":"https:\/\/zonaroja.com.mx\/index.php?rest_route=%2Fwp%2Fv2%2Fcomments&post=20719"}],"version-history":[{"count":1,"href":"https:\/\/zonaroja.com.mx\/index.php?rest_route=\/wp\/v2\/posts\/20719\/revisions"}],"predecessor-version":[{"id":20721,"href":"https:\/\/zonaroja.com.mx\/index.php?rest_route=\/wp\/v2\/posts\/20719\/revisions\/20721"}],"wp:featuredmedia":[{"embeddable":true,"href":"https:\/\/zonaroja.com.mx\/index.php?rest_route=\/wp\/v2\/media\/20720"}],"wp:attachment":[{"href":"https:\/\/zonaroja.com.mx\/index.php?rest_route=%2Fwp%2Fv2%2Fmedia&parent=20719"}],"wp:term":[{"taxonomy":"category","embeddable":true,"href":"https:\/\/zonaroja.com.mx\/index.php?rest_route=%2Fwp%2Fv2%2Fcategories&post=20719"},{"taxonomy":"post_tag","embeddable":true,"href":"https:\/\/zonaroja.com.mx\/index.php?rest_route=%2Fwp%2Fv2%2Ftags&post=20719"}],"curies":[{"name":"wp","href":"https:\/\/api.w.org\/{rel}","templated":true}]}}