{"id":20728,"date":"2020-12-01T07:49:23","date_gmt":"2020-12-01T13:49:23","guid":{"rendered":"http:\/\/www.zonaroja.com.mx\/?p=20728"},"modified":"2020-12-01T07:49:27","modified_gmt":"2020-12-01T13:49:27","slug":"doblega-seccion-35-a-gobierno-de-oaxaca-y-lo-obliga-a-pagar-bonos","status":"publish","type":"post","link":"https:\/\/zonaroja.com.mx\/?p=20728","title":{"rendered":"Doblega Secci\u00f3n 35 a gobierno de Oaxaca y lo obliga a pagar bonos"},"content":{"rendered":"\n<p>Ismael Garc\u00eda M.\/Zona Roja.<\/p>\n\n\n\n<p>Oaxaca de Ju\u00e1rez, Oax., 1 de diciembre de 2020.- Tras una semana de paro de labores y bloqueos, la Secci\u00f3n 35 del Sindicato Nacional de Trabajadores de la Secretar\u00eda de Salud dobleg\u00f3 al gobierno de Oaxaca y lo oblig\u00f3 a comenzar a pagar los bonos de fin de a\u00f1o este mismo 2020 y no en febrero, como pretend\u00eda.<\/p>\n\n\n\n<p>Adem\u00e1s, logr\u00f3 la destituci\u00f3n del director de Administraci\u00f3n, David Concha Su\u00e1rez, por difundir oficialmente que ser\u00eda hasta pr\u00f3ximo a\u00f1o el pago de prestaciones.<\/p>\n\n\n\n<p>De acuerdo con un comunicado emitido a la base trabajadora, sobre los acuerdos alcanzados anoche, sin la presencia del gobernador Alejandro Murat, la dirigencia sindical que encabeza Mario F\u00e9lix Pacheco detall\u00f3 que a partir del 18 de diciembre comenzar\u00e1 el pago del primer bono por 12 mil 900 pesos en modalidad de tarjeta electr\u00f3nica.<\/p>\n\n\n\n<p>Tambi\u00e9n, el sindicato logr\u00f3 incrementar el Bono de Vida Cara, que era de cinco mil 500 pesos &#8211;que el gobierno quer\u00eda pagar a finales de enero\u2014a seis mil 750 pesos, a cubrir el 20 de enero.<\/p>\n\n\n\n<p>El pago del bono administrativo anual y bianual se comenz\u00f3 a cubrir desde ayer, al igual que el est\u00edmulo de antig\u00fcedad.<\/p>\n\n\n\n<p>La prima vacacional y segunda parte del aguinaldo ser\u00e1 a partir del 18 de diciembre y a m\u00e1s tardar el 15 de enero de 2021.<\/p>\n\n\n\n<p>La entrega de uniformes se agilizar\u00e1 y no deber\u00e1 pasar de este a\u00f1o; tras ello, los delegados y subdelegados sindicales determinaron hacer un receso en su paro de labores y lo confirmar\u00e1n este mediod\u00eda en una conferencia de prensa.<\/p>\n\n\n\n<p>Fue el 24 de noviembre en que la Secci\u00f3n 35 comenz\u00f3 sus protestas en todo el estado, tras el oficio firmado y divulgado por Concha Su\u00e1rez.<\/p>\n","protected":false},"excerpt":{"rendered":"<p>Ismael Garc\u00eda M.\/Zona Roja. Oaxaca de Ju\u00e1rez, Oax., 1 de diciembre de 2020.- Tras una&hellip;<\/p>\n","protected":false},"author":2,"featured_media":20729,"comment_status":"closed","ping_status":"open","sticky":false,"template":"","format":"standard","meta":{"_lmt_disableupdate":"","_lmt_disable":"","_jetpack_memberships_contains_paid_content":false,"footnotes":""},"categories":[109,47],"tags":[1653],"class_list":["post-20728","post","type-post","status-publish","format-standard","has-post-thumbnail","hentry","category-minuto-a-minuto","category-zona-gris","tag-seccion-35-sindicato-nacional-de-trabajadores-de-la-secretaria-de-salud"],"jetpack_featured_media_url":"https:\/\/zonaroja.com.mx\/wp-content\/uploads\/2020\/12\/Acuerdos-SSO-Seccion-35.jpg","jetpack_sharing_enabled":true,"_links":{"self":[{"href":"https:\/\/zonaroja.com.mx\/index.php?rest_route=\/wp\/v2\/posts\/20728","targetHints":{"allow":["GET"]}}],"collection":[{"href":"https:\/\/zonaroja.com.mx\/index.php?rest_route=\/wp\/v2\/posts"}],"about":[{"href":"https:\/\/zonaroja.com.mx\/index.php?rest_route=\/wp\/v2\/types\/post"}],"author":[{"embeddable":true,"href":"https:\/\/zonaroja.com.mx\/index.php?rest_route=\/wp\/v2\/users\/2"}],"replies":[{"embeddable":true,"href":"https:\/\/zonaroja.com.mx\/index.php?rest_route=%2Fwp%2Fv2%2Fcomments&post=20728"}],"version-history":[{"count":1,"href":"https:\/\/zonaroja.com.mx\/index.php?rest_route=\/wp\/v2\/posts\/20728\/revisions"}],"predecessor-version":[{"id":20730,"href":"https:\/\/zonaroja.com.mx\/index.php?rest_route=\/wp\/v2\/posts\/20728\/revisions\/20730"}],"wp:featuredmedia":[{"embeddable":true,"href":"https:\/\/zonaroja.com.mx\/index.php?rest_route=\/wp\/v2\/media\/20729"}],"wp:attachment":[{"href":"https:\/\/zonaroja.com.mx\/index.php?rest_route=%2Fwp%2Fv2%2Fmedia&parent=20728"}],"wp:term":[{"taxonomy":"category","embeddable":true,"href":"https:\/\/zonaroja.com.mx\/index.php?rest_route=%2Fwp%2Fv2%2Fcategories&post=20728"},{"taxonomy":"post_tag","embeddable":true,"href":"https:\/\/zonaroja.com.mx\/index.php?rest_route=%2Fwp%2Fv2%2Ftags&post=20728"}],"curies":[{"name":"wp","href":"https:\/\/api.w.org\/{rel}","templated":true}]}}