{"id":2073,"date":"2019-07-06T21:44:31","date_gmt":"2019-07-07T02:44:31","guid":{"rendered":"http:\/\/www.zonaroja.com.mx\/?p=2073"},"modified":"2019-07-06T22:04:30","modified_gmt":"2019-07-07T03:04:30","slug":"asamblea-entre-balazos-golpes-y-reclamos-de-elbistas-y-magisterio","status":"publish","type":"post","link":"https:\/\/zonaroja.com.mx\/?p=2073","title":{"rendered":"Asamblea entre balazos, golpes y reclamos de elbistas y magisterio"},"content":{"rendered":"\n<p>Ismael\nGarc\u00eda<\/p>\n\n\n\n<p>Santa Luc\u00eda del\nCamino, Oax., 6 de julio de 2019.- \u201c\u00a1Compa\u00f1eras y compa\u00f1eros les rogamos por\nfavor, guardemos la calma, vamos acerc\u00e1ndonos hasta la salida; con calma,\ncuidando a los ni\u00f1os y a la gente mayor!\u2026 \u00a1Les quiero comentar que hay\npresencia de la seguridad p\u00fablica, que les rogamos ejerzan su tarea!\u201d.<\/p>\n\n\n\n<p>La recomendaci\u00f3n\nal micr\u00f3fono. Pero la psicosis se apoder\u00f3 de la gente, en su mayor\u00eda tra\u00edda del\ninterior del estado. Ni\u00f1os, hombres, mujeres, representantes gremiales, todos\ncorr\u00edan de un lado para otro. Todos buscaban refugio, incluso unos agarraron\nsillas met\u00e1licas para parapetarse o pon\u00e9rselas sobre la cabeza. Zozobra y miedo\ntotal en un s\u00e1bado que parec\u00eda relajado.<\/p>\n\n\n\n<p>A las diez\nde la ma\u00f1ana, la organizaci\u00f3n Redes Sociales Progresistas llev\u00f3 inici\u00f3 su\nd\u00e9cima asamblea en la entidad, con miras a convertirse en partido pol\u00edtico.\nPresuntamente es proyecto de la ex lideresa magisterial Elba Esther Gordillo,\npero en la reuni\u00f3n, en un sal\u00f3n social, hab\u00eda priistas, perredistas, morenistas\ny neoaliancistas.<\/p>\n\n\n\n<p>La noche\nprevia, la Secci\u00f3n 22 del SNTE lanz\u00f3 una alerta para concentrarse en sus\noficinas sindicales y partir hacia el lugar del acto proselitista.<\/p>\n\n\n\n<p>Fueron\nalrededor de 100 mentores los que llegaron al sitio, a un costado de la avenida\nFerrocarril, cerca del crucero con la calle Calicanto de Santa Luc\u00eda.<\/p>\n\n\n\n<p>Pero apenas llegaban y quemaban llantas en una puerta de acceso, cuando desde el interior de la asamblea se escucharon detonaciones de armas de fuego. <\/p>\n\n\n\n<figure class=\"wp-block-embed-twitter wp-block-embed is-type-rich is-provider-twitter\"><div class=\"wp-block-embed__wrapper\">\n<div class=\"twitter-tweet\"><blockquote class=\"twitter-tweet\" data-lang=\"es\"><p lang=\"es\" dir=\"ltr\"><a href=\"https:\/\/twitter.com\/hashtag\/OaxacaRoja?src=hash&amp;ref_src=twsrc%5Etfw\">#OaxacaRoja<\/a><br>El <a href=\"https:\/\/twitter.com\/Bomberos_GobOax?ref_src=twsrc%5Etfw\">@Bomberos_GobOax<\/a>, \u00fanica corporaci\u00f3n que auxili\u00f3 durante el vandalismo a un centro social de Santa Luc\u00eda del Camino, en la confrontaci\u00f3n de la Secci\u00f3n 22 con asamble\u00edstas de Redes Sociales Progesistas. Polic\u00edas Estatal y municipal s\u00f3lo miraron de lejos. <a href=\"https:\/\/t.co\/ouRaemFNzq\">pic.twitter.com\/ouRaemFNzq<\/a><\/p>&mdash; Zona Roja Oaxaca (@MexRoja) <a href=\"https:\/\/twitter.com\/MexRoja\/status\/1147693464575979520?ref_src=twsrc%5Etfw\">7 de julio de 2019<\/a><\/blockquote><\/div>\n<\/div><\/figure>\n\n\n\n<p>De inmediato\nel miedo, la corredera, los gritos. \u201c\u00a1Vamos, vamos, vamos, ah\u00ed adentro est\u00e1n\nlos asesinos de Elba Esther!\u201d, azuz\u00f3 un presunto docente, cubierto con casco y\nropa de motociclista. <\/p>\n\n\n\n<p>Tras ello un\ngrupo se lanz\u00f3 a un predio ubicado a un costado del sal\u00f3n; ingres\u00f3, atrap\u00f3 a un\nindividuo, lo pate\u00f3 en el piso y lo dej\u00f3 tirado para luego salir. Sobre la\ncarretera, encontr\u00f3 a otros dos militantes de las Redes, a quienes hizo hincar\nsobre el asfalto.<\/p>\n\n\n\n<p>\u00bfY LA\nPOLIC\u00cdA?<\/p>\n\n\n\n<p>Afuera, la\nPolic\u00eda Municipal apenas llegaba. La Estatal, arrib\u00f3 m\u00e1s tarde, despu\u00e9s de los\nhechos. La Fiscal\u00eda General del Estado, brill\u00f3 por su ausencia al no enviar a\npersonal a indagar los hechos.<\/p>\n\n\n\n<p>Adentro, param\u00e9dicos atendieron a quien se identific\u00f3 como Omar, de Cuil\u00e1pam de Guerrero, quien fue golpeado por una turba.<\/p>\n\n\n\n<p>Afuera, el\nruido, los reclamos de la Secci\u00f3n 22; nueva quema de llantas, piedrazos hacia el\ninterior por el momento. Mitin para gritar en contra de Elba Esther Gordillo.<\/p>\n\n\n\n<p>Adentro, apenas\nconcluy\u00f3 a prisa la reuni\u00f3n, comenz\u00f3 a salir la gente para abordar sus camiones\nde regreso a sus comunidades.<\/p>\n\n\n\n<p>Afuera, la Polic\u00eda Estatal, sin tino para ingresar, defender a la poblaci\u00f3n, o resguardar a los vecinos y comerciantes de la zona. S\u00f3lo preguntaron qu\u00e9 pasaba. Cerca de las 11:000 un cami\u00f3n de Bomberos para apagar las llantas. Terminado el mitin, los maestros de la Secci\u00f3n 22 se retiraron, dejando atr\u00e1s la estela de violencia.<\/p>\n\n\n\n<figure class=\"wp-block-embed-twitter wp-block-embed is-type-rich is-provider-twitter\"><div class=\"wp-block-embed__wrapper\">\n<div class=\"twitter-tweet\"><blockquote class=\"twitter-tweet\" data-lang=\"es\"><p lang=\"es\" dir=\"ltr\"><a href=\"https:\/\/twitter.com\/hashtag\/OaxacaRojo?src=hash&amp;ref_src=twsrc%5Etfw\">#OaxacaRojo<\/a><br>Esta es la persona que presuntamente realiz\u00f3 disparos de armas de fuego durante una reuni\u00f3n con seguidores de Elba Esther Gordillo. Supuesto maestros de la Secci\u00f3n 22 lo golpearon y posteriormente fue atendido por param\u00e9dicos. <a href=\"https:\/\/t.co\/BD0YnAssvr\">pic.twitter.com\/BD0YnAssvr<\/a><\/p>&mdash; Zona Roja Oaxaca (@MexRoja) <a href=\"https:\/\/twitter.com\/MexRoja\/status\/1147567955380789249?ref_src=twsrc%5Etfw\">6 de julio de 2019<\/a><\/blockquote><\/div>\n<\/div><\/figure>\n\n\n\n<p>ACUSACIONES\nMUTUAS<\/p>\n\n\n\n<p>\u201cFuimos v\u00edctimas de la intolerancia, la persecuci\u00f3n y la violencia; integrantes de nuestra organizaci\u00f3n fueron agredidos por grupos de choque impulsados por el ex gobernador (Jos\u00e9) Murat\u201d, denunci\u00f3 Juan Iv\u00e1n Pe\u00f1a Neder, coordinador nacional de Redes Sociales Progresistas.<\/p>\n\n\n\n<figure class=\"wp-block-embed-twitter wp-block-embed is-type-rich is-provider-twitter\"><div class=\"wp-block-embed__wrapper\">\n<div class=\"twitter-tweet\"><blockquote class=\"twitter-tweet\" data-lang=\"es\"><p lang=\"es\" dir=\"ltr\">\u201cFuimos v\u00edctimas de la intolerancia, la persecuci\u00f3n y la violencia; integrantes de nuestra organizaci\u00f3n fueron agredidos por grupos de choque impulsados por el ex gobernador (Jos\u00e9) Murat\u201d, denuncia Juan Iv\u00e1n Pe\u00f1a Neder, coordinador nacional de Redes Sociales Progresistas. <a href=\"https:\/\/t.co\/lpUSw71mbt\">pic.twitter.com\/lpUSw71mbt<\/a><\/p>&mdash; Zona Roja Oaxaca (@MexRoja) <a href=\"https:\/\/twitter.com\/MexRoja\/status\/1147601145180934145?ref_src=twsrc%5Etfw\">6 de julio de 2019<\/a><\/blockquote><\/div>\n<\/div><\/figure>\n\n\n\n<p>\u201cMaestros\npor M\u00e9xico, buscando satisfacer su hambre de poder, insiste en organizar\neventos pol\u00edticos con acarreados en cada entidad del pa\u00eds para seguir\nalimentando las ambiciones de Elba Esther Gordillo\u2026 <\/p>\n\n\n\n<p>\u201cLa violencia de las Redes Sociales Progresistas mostr\u00f3 su rostro asesino al encarar la manifestaci\u00f3n pol\u00edtica de los verdaderos maestros democr\u00e1ticos con detonaciones y amenazas con arma de fuego\u201d, declar\u00f3 la Secci\u00f3n 22, liderada por el secretario de Organizaci\u00f3n, Genaro Mart\u00ednez Morales.<\/p>\n\n\n\n<p>Las\nacusaciones mutuas. Los dimes y diretes. Casi al mediod\u00eda, la normalidad volvi\u00f3\na la zona. La cotidianeidad de la violencia. De falta de detenidos por hechos\nviolentos. Y de impunidad boyante.<\/p>\n","protected":false},"excerpt":{"rendered":"<p>Ismael Garc\u00eda Santa Luc\u00eda del Camino, Oax., 6 de julio de 2019.- \u201c\u00a1Compa\u00f1eras y compa\u00f1eros&hellip;<\/p>\n","protected":false},"author":2,"featured_media":2074,"comment_status":"closed","ping_status":"open","sticky":false,"template":"","format":"standard","meta":{"_lmt_disableupdate":"","_lmt_disable":"","_jetpack_memberships_contains_paid_content":false,"footnotes":""},"categories":[109,51],"tags":[313,58,311,312],"class_list":["post-2073","post","type-post","status-publish","format-standard","has-post-thumbnail","hentry","category-minuto-a-minuto","category-zona-roja","tag-elba-esther-gordillo","tag-oaxaca","tag-redes-sociales-progresistas","tag-seccion-22-del-snte"],"jetpack_featured_media_url":"https:\/\/zonaroja.com.mx\/wp-content\/uploads\/2019\/07\/Violencia-Santa-Luc\u00eda-del-Camino-Secci\u00f3n-22-2.jpg","jetpack_sharing_enabled":true,"_links":{"self":[{"href":"https:\/\/zonaroja.com.mx\/index.php?rest_route=\/wp\/v2\/posts\/2073","targetHints":{"allow":["GET"]}}],"collection":[{"href":"https:\/\/zonaroja.com.mx\/index.php?rest_route=\/wp\/v2\/posts"}],"about":[{"href":"https:\/\/zonaroja.com.mx\/index.php?rest_route=\/wp\/v2\/types\/post"}],"author":[{"embeddable":true,"href":"https:\/\/zonaroja.com.mx\/index.php?rest_route=\/wp\/v2\/users\/2"}],"replies":[{"embeddable":true,"href":"https:\/\/zonaroja.com.mx\/index.php?rest_route=%2Fwp%2Fv2%2Fcomments&post=2073"}],"version-history":[{"count":3,"href":"https:\/\/zonaroja.com.mx\/index.php?rest_route=\/wp\/v2\/posts\/2073\/revisions"}],"predecessor-version":[{"id":2078,"href":"https:\/\/zonaroja.com.mx\/index.php?rest_route=\/wp\/v2\/posts\/2073\/revisions\/2078"}],"wp:featuredmedia":[{"embeddable":true,"href":"https:\/\/zonaroja.com.mx\/index.php?rest_route=\/wp\/v2\/media\/2074"}],"wp:attachment":[{"href":"https:\/\/zonaroja.com.mx\/index.php?rest_route=%2Fwp%2Fv2%2Fmedia&parent=2073"}],"wp:term":[{"taxonomy":"category","embeddable":true,"href":"https:\/\/zonaroja.com.mx\/index.php?rest_route=%2Fwp%2Fv2%2Fcategories&post=2073"},{"taxonomy":"post_tag","embeddable":true,"href":"https:\/\/zonaroja.com.mx\/index.php?rest_route=%2Fwp%2Fv2%2Ftags&post=2073"}],"curies":[{"name":"wp","href":"https:\/\/api.w.org\/{rel}","templated":true}]}}