{"id":20740,"date":"2020-12-01T13:47:13","date_gmt":"2020-12-01T19:47:13","guid":{"rendered":"https:\/\/www.zonaroja.com.mx\/?p=20740"},"modified":"2020-12-01T13:47:16","modified_gmt":"2020-12-01T19:47:16","slug":"localizan-sin-vida-a-la-joven-desaparecida-en-etla-niuntransfeminicidio-mas-exigen","status":"publish","type":"post","link":"https:\/\/zonaroja.com.mx\/?p=20740","title":{"rendered":"Localizan sin vida a la joven desaparecida en Etla; #NiunTransfeminicidio m\u00e1s, exigen"},"content":{"rendered":"\n<p class=\"MsoNormal\"><\/p>\n\n\n\n<p class=\"MsoNormal\">Yuridiana Sosa\/Zona Roja.<\/p>\n\n\n\n<p class=\"MsoNormal\">Oaxaca de Ju\u00e1rez, Oax., 1 de diciembre de 2020.- La desaparici\u00f3n de otra joven mujer en Oaxaca nuevamente termin\u00f3 con la localizaci\u00f3n de su cuerpo sin vida.&nbsp;<\/p>\n\n\n\n<p class=\"MsoNormal\"><a href=\"\/\/1\">Este martes<\/a> se confirm\u00f3 la localizaci\u00f3n del cuerpo de Geovanna A. R., de 27 a\u00f1os de edad, en Santiago Suchilquitongo, y quien fue reportada como desaparecida desde el pasado 25 de noviembre en San Agust\u00edn, Etla.<\/p>\n\n\n\n<p class=\"MsoNormal\">De forma inmediata tras su no localizaci\u00f3n, la familia y amigos comenzaron con la difusi\u00f3n de su imagen para pedir a la poblaci\u00f3n sumarse a su b\u00fasqueda, posteriormente, el caso lo oficializ\u00f3 la Fiscal\u00eda General del Estado.<\/p>\n\n\n\n<p class=\"MsoNormal\">De acuerdo con los reportes preliminares, el cuerpo de Geovanna fue hallado en el fondo de una barranca en el paraje \u201cEl Campamento\u201d de Santiago Suchilquitongo, mientras que tambi\u00e9n existen versiones de que fue en la presa de ese lugar. Los restos se encontraron en estado de descomposici\u00f3n.<\/p>\n\n\n\n<p class=\"MsoNormal\">La joven se destac\u00f3 en el \u00e1mbito social por su participaci\u00f3n en cert\u00e1menes de belleza. Geovanna se describe como \u201ctransexual girl\u201d en la presentaci\u00f3n de su cuenta de Facebook.&nbsp;<\/p>\n\n\n\n<p class=\"MsoNormal\">Tras la noticia de su muerte, decenas de amigos le dedicaron videos y mensajes de condolencias a su familia, as\u00ed como para exigir justicia por su asesinato. <\/p>\n","protected":false},"excerpt":{"rendered":"<p>Yuridiana Sosa\/Zona Roja. Oaxaca de Ju\u00e1rez, Oax., 1 de diciembre de 2020.- La desaparici\u00f3n de&hellip;<\/p>\n","protected":false},"author":2,"featured_media":20739,"comment_status":"closed","ping_status":"open","sticky":false,"template":"","format":"standard","meta":{"_lmt_disableupdate":"","_lmt_disable":"","_jetpack_memberships_contains_paid_content":false,"footnotes":""},"categories":[109,51],"tags":[],"class_list":["post-20740","post","type-post","status-publish","format-standard","has-post-thumbnail","hentry","category-minuto-a-minuto","category-zona-roja"],"jetpack_featured_media_url":"https:\/\/zonaroja.com.mx\/wp-content\/uploads\/2020\/12\/a0684668-e730-4132-a25f-d2b1c9d234cc.jpg","jetpack_sharing_enabled":true,"_links":{"self":[{"href":"https:\/\/zonaroja.com.mx\/index.php?rest_route=\/wp\/v2\/posts\/20740","targetHints":{"allow":["GET"]}}],"collection":[{"href":"https:\/\/zonaroja.com.mx\/index.php?rest_route=\/wp\/v2\/posts"}],"about":[{"href":"https:\/\/zonaroja.com.mx\/index.php?rest_route=\/wp\/v2\/types\/post"}],"author":[{"embeddable":true,"href":"https:\/\/zonaroja.com.mx\/index.php?rest_route=\/wp\/v2\/users\/2"}],"replies":[{"embeddable":true,"href":"https:\/\/zonaroja.com.mx\/index.php?rest_route=%2Fwp%2Fv2%2Fcomments&post=20740"}],"version-history":[{"count":1,"href":"https:\/\/zonaroja.com.mx\/index.php?rest_route=\/wp\/v2\/posts\/20740\/revisions"}],"predecessor-version":[{"id":20741,"href":"https:\/\/zonaroja.com.mx\/index.php?rest_route=\/wp\/v2\/posts\/20740\/revisions\/20741"}],"wp:featuredmedia":[{"embeddable":true,"href":"https:\/\/zonaroja.com.mx\/index.php?rest_route=\/wp\/v2\/media\/20739"}],"wp:attachment":[{"href":"https:\/\/zonaroja.com.mx\/index.php?rest_route=%2Fwp%2Fv2%2Fmedia&parent=20740"}],"wp:term":[{"taxonomy":"category","embeddable":true,"href":"https:\/\/zonaroja.com.mx\/index.php?rest_route=%2Fwp%2Fv2%2Fcategories&post=20740"},{"taxonomy":"post_tag","embeddable":true,"href":"https:\/\/zonaroja.com.mx\/index.php?rest_route=%2Fwp%2Fv2%2Ftags&post=20740"}],"curies":[{"name":"wp","href":"https:\/\/api.w.org\/{rel}","templated":true}]}}