{"id":20748,"date":"2020-12-01T18:02:33","date_gmt":"2020-12-02T00:02:33","guid":{"rendered":"http:\/\/www.zonaroja.com.mx\/?p=20748"},"modified":"2020-12-01T18:02:37","modified_gmt":"2020-12-02T00:02:37","slug":"agreden-a-diputada-tras-pedir-a-secretario-de-administracion-no-intervenir-en-asunto-sindical","status":"publish","type":"post","link":"https:\/\/zonaroja.com.mx\/?p=20748","title":{"rendered":"Agreden a diputada tras pedir a secretario de Administraci\u00f3n no intervenir en asunto sindical"},"content":{"rendered":"\n<p>Redacci\u00f3n\/Zona Roja.<\/p>\n\n\n\n<p>Oaxaca de Ju\u00e1rez, Oax., 1 de diciembre de 2020.- La diputada por Morena, Hilda P\u00e9rez Luis, fue agredida a trav\u00e9s de una campa\u00f1a de denostaci\u00f3n en redes sociales, tras solicitar al titular de la Secretar\u00eda de Administraci\u00f3n, Germ\u00e1n Espinosa Santib\u00e1\u00f1ez, no entrometerse en la renovaci\u00f3n de la dirigencia del sindicato de bur\u00f3cratas.<\/p>\n\n\n\n<p>Recientemente, en la tribuna de la 64 Legislatura del Congreso local, la legisladora pidi\u00f3 al funcionario estatal no inmiscuirse en el pr\u00f3ximo proceso en que se renovar\u00e1 el comit\u00e9 ejecutivo del Sindicato de Trabajadores al Servicio de los Poderes del Estado e Instituciones Descentralizadas de Car\u00e1cter Estatal de Oaxaca.<\/p>\n\n\n\n<p>Tras ello, presuntamente por \u00f3rdenes surgidas desde las oficinas de Espinosa Santib\u00e1\u00f1ez y a trav\u00e9s del secretario General del gremio, Juan Ignacio Cruz Villavicencio, y del responsable de prensa del sindicato, Armando Rodr\u00edguez, se orquest\u00f3 la campa\u00f1a en contra de la diputada.<\/p>\n\n\n\n<p>Con ello, la legisladora Hilda Luis, promotora y f\u00e9rrea defensora del respeto a los derechos de las mujeres, se integra a las estad\u00edsticas de mujeres v\u00edctimas de violencia pol\u00edtica y de g\u00e9nero en Oaxaca.<\/p>\n\n\n\n<p>Este mi\u00e9rcoles, en sesi\u00f3n ordinaria, la a\u00fan vicepresidenta de la Mesa Directiva de la 64 Legislatura, prev\u00e9 de nuevo emitir un posicionamiento, debido a las descalificaciones y agresiones en su contra. <\/p>\n","protected":false},"excerpt":{"rendered":"<p>Redacci\u00f3n\/Zona Roja. Oaxaca de Ju\u00e1rez, Oax., 1 de diciembre de 2020.- La diputada por Morena,&hellip;<\/p>\n","protected":false},"author":2,"featured_media":20749,"comment_status":"closed","ping_status":"open","sticky":false,"template":"","format":"standard","meta":{"_lmt_disableupdate":"","_lmt_disable":"","_jetpack_memberships_contains_paid_content":false,"footnotes":""},"categories":[109,47],"tags":[2267],"class_list":["post-20748","post","type-post","status-publish","format-standard","has-post-thumbnail","hentry","category-minuto-a-minuto","category-zona-gris","tag-hilda-perez-luis"],"jetpack_featured_media_url":"https:\/\/zonaroja.com.mx\/wp-content\/uploads\/2020\/12\/Hilda-Perez-Luis.png","jetpack_sharing_enabled":true,"_links":{"self":[{"href":"https:\/\/zonaroja.com.mx\/index.php?rest_route=\/wp\/v2\/posts\/20748","targetHints":{"allow":["GET"]}}],"collection":[{"href":"https:\/\/zonaroja.com.mx\/index.php?rest_route=\/wp\/v2\/posts"}],"about":[{"href":"https:\/\/zonaroja.com.mx\/index.php?rest_route=\/wp\/v2\/types\/post"}],"author":[{"embeddable":true,"href":"https:\/\/zonaroja.com.mx\/index.php?rest_route=\/wp\/v2\/users\/2"}],"replies":[{"embeddable":true,"href":"https:\/\/zonaroja.com.mx\/index.php?rest_route=%2Fwp%2Fv2%2Fcomments&post=20748"}],"version-history":[{"count":1,"href":"https:\/\/zonaroja.com.mx\/index.php?rest_route=\/wp\/v2\/posts\/20748\/revisions"}],"predecessor-version":[{"id":20750,"href":"https:\/\/zonaroja.com.mx\/index.php?rest_route=\/wp\/v2\/posts\/20748\/revisions\/20750"}],"wp:featuredmedia":[{"embeddable":true,"href":"https:\/\/zonaroja.com.mx\/index.php?rest_route=\/wp\/v2\/media\/20749"}],"wp:attachment":[{"href":"https:\/\/zonaroja.com.mx\/index.php?rest_route=%2Fwp%2Fv2%2Fmedia&parent=20748"}],"wp:term":[{"taxonomy":"category","embeddable":true,"href":"https:\/\/zonaroja.com.mx\/index.php?rest_route=%2Fwp%2Fv2%2Fcategories&post=20748"},{"taxonomy":"post_tag","embeddable":true,"href":"https:\/\/zonaroja.com.mx\/index.php?rest_route=%2Fwp%2Fv2%2Ftags&post=20748"}],"curies":[{"name":"wp","href":"https:\/\/api.w.org\/{rel}","templated":true}]}}