{"id":20751,"date":"2020-12-01T19:43:30","date_gmt":"2020-12-02T01:43:30","guid":{"rendered":"http:\/\/www.zonaroja.com.mx\/?p=20751"},"modified":"2020-12-01T19:43:35","modified_gmt":"2020-12-02T01:43:35","slug":"vive-oaxaca-otro-dia-de-ingobernabilidad-ante-desatencion-institucional","status":"publish","type":"post","link":"https:\/\/zonaroja.com.mx\/?p=20751","title":{"rendered":"Vive Oaxaca otro d\u00eda de ingobernabilidad, ante desatenci\u00f3n institucional"},"content":{"rendered":"\n<p>Evlin Arag\u00f3n\/Zona Roja.<\/p>\n\n\n\n<p>Oaxaca de Ju\u00e1rez, Oax., 1 de diciembre de 2020.- Al menos tres bloqueos a vialidades en la capital de Oaxaca y otros tantos en la regi\u00f3n del Istmo de Tehuantepec, es el saldo de las protestas de este martes, ante la desatenci\u00f3n gubernamental a demandas sociales.<\/p>\n\n\n\n<p>Integrantes de organizaci\u00f3n social Comuna Oaxaca se manifestaron esta ma\u00f1ana en la capital del estado y zona conurbada para exigir atenci\u00f3n a diversas problem\u00e1ticas.<\/p>\n\n\n\n<p>Uno fue el caso de la comunidad de San Baltazar Loxicha, para exigir atenci\u00f3n a un conflicto poselectoral, as\u00ed como justicia por el asesinato del activista y luchador social Rodolfo D\u00edaz Jim\u00e9nez, ultimado el pasado 2 de noviembre.\u00a0<\/p>\n\n\n\n<p>Los manifestantes se concentraron por unas horas en la Casa Oficial y bloquearon la avenida Ju\u00e1rez, en el centro de la ciudad.<\/p>\n\n\n\n<figure class=\"wp-block-embed-twitter wp-block-embed is-type-rich is-provider-twitter\"><div class=\"wp-block-embed__wrapper\">\n<div class=\"twitter-tweet\"><blockquote class=\"twitter-tweet\" data-lang=\"es\"><p lang=\"es\" dir=\"ltr\"><a href=\"https:\/\/twitter.com\/hashtag\/%C3%9AltimoMinuto?src=hash&amp;ref_src=twsrc%5Etfw\">#\u00daltimoMinuto<\/a><br>Respaldados por <a href=\"https:\/\/twitter.com\/comunaoax?ref_src=twsrc%5Etfw\">@comunaoax<\/a>, pobladores de San Baltazar Loxicha, protestan esta ma\u00f1ana en la Casa Oficial de Gobierno, ciudad capital, para insistir en el esclarecimiento y castigo a los responsables del crimen de uno de sus militantes; bloquean la avenida Ju\u00e1rez. <a href=\"https:\/\/t.co\/c8Gfb3X4tM\">pic.twitter.com\/c8Gfb3X4tM<\/a><\/p>&mdash; Zona Roja Oaxaca (@MexRoja) <a href=\"https:\/\/twitter.com\/MexRoja\/status\/1333804420279070726?ref_src=twsrc%5Etfw\">1 de diciembre de 2020<\/a><\/blockquote><\/div>\n<\/div><\/figure>\n\n\n\n<p>\u201cNosotros estamos aqu\u00ed con la finalidad de exigir al gobierno del estado nuestras justas demandas. Han transcurrido ya 11 meses y San Baltazar Loxicha no tiene autoridad municipal reconocida. Por eso nos vimos en la necesidad de manifestarnos este d\u00eda en la capital\u201d, dijo un poblador de la comunidad\u00a0<\/p>\n\n\n\n<p>En entrevista explic\u00f3 que el pueblo no aceptar\u00e1 la designaci\u00f3n de un administrador por lo que insisti\u00f3 en la instalaci\u00f3n de un Consejo Municipal, a la par que pidi\u00f3 justicia por su compa\u00f1ero asesinado, crimen que dijo es responsabilidad del Estado que se ha ensa\u00f1ado con los luchadores sociales.&nbsp;<\/p>\n\n\n\n<p>\u201cNosotros somos de San Baltazar Loxicha, no venimos con ninguna organizaci\u00f3n, Somos pueblo y hemos aprendido como luchar y manifestarnos cuando el gobierno no cumpla nuestras demandas\u201d, indicaron en el lugar de su manifestaci\u00f3n.&nbsp;<\/p>\n\n\n\n<p>En el lugar hizo presencia Julio C\u00e9sar Villanueva, que se identific\u00f3 como integrante de Comuna y asegur\u00f3 que la protesta tiene como fin exigir una mesa de di\u00e1logo y atenci\u00f3n para la comunidad que necesita paz y estabilidad.&nbsp;<\/p>\n\n\n\n<p>Por otra parte, en el crucero conocido como la Y, ubicado sobre la carretera federal 175 Oaxaca-Puerto-\u00c1ngel, en inmediaciones del municipio de la Villa de Zaachila, tambi\u00e9n se congreg\u00f3 otro grupo, de la agencia Vicente Guerrero, para demandar obras sociales.<\/p>\n\n\n\n<figure class=\"wp-block-embed-twitter wp-block-embed is-type-rich is-provider-twitter\"><div class=\"wp-block-embed__wrapper\">\n<div class=\"twitter-tweet\"><blockquote class=\"twitter-tweet\" data-lang=\"es\"><p lang=\"es\" dir=\"ltr\"><a href=\"https:\/\/twitter.com\/hashtag\/%C3%9AltimoMinuto?src=hash&amp;ref_src=twsrc%5Etfw\">#\u00daltimoMinuto<\/a> <br>Tras bloqueos en la v\u00eda federal 175, en avenida Ju\u00e1rez del centro de la ciudad de <a href=\"https:\/\/twitter.com\/hashtag\/Oaxaca?src=hash&amp;ref_src=twsrc%5Etfw\">#Oaxaca<\/a> y en Ciudad Administrativa, el <a href=\"https:\/\/twitter.com\/GobOax?ref_src=twsrc%5Etfw\">@goboax<\/a> ofreci\u00f3 una mesa de di\u00e1logo a manifestantes de la organizaci\u00f3n social <a href=\"https:\/\/twitter.com\/comunaoax?ref_src=twsrc%5Etfw\">@comunaoax<\/a>, por lo que \u00e9sta determin\u00f3 hacer un receso a protestas. <a href=\"https:\/\/t.co\/mU2FbZYmC0\">pic.twitter.com\/mU2FbZYmC0<\/a><\/p>&mdash; Zona Roja Oaxaca (@MexRoja) <a href=\"https:\/\/twitter.com\/MexRoja\/status\/1333835838577274886?ref_src=twsrc%5Etfw\">1 de diciembre de 2020<\/a><\/blockquote><\/div>\n<\/div><\/figure>\n\n\n\n<p>Un contingente m\u00e1s se concentr\u00f3 en el exterior de Ciudad Administrativa, en Tlalixtac de Cabrera, donde pretend\u00eda bloquear, una vez que llegaran los manifestantes de la agencia Vicente Guerrero.<\/p>\n\n\n\n<p>Sin embargo, al mediod\u00eda y a trav\u00e9s de redes sociales, el dirigente de Comuna Oaxaca, Flavio Sosa Villavicencio, inform\u00f3 que el Gobierno del Estado ofreci\u00f3 una reuni\u00f3n de trabajo, por lo cual hicieron un receso a sus protestas.<\/p>\n\n\n\n<p>Finalmente, la delegaci\u00f3n Regional de Protecci\u00f3n Civil del Istmo de Tehuantepec report\u00f3 un bloqueo carretero sobre el punto denominado Chigola, sobre el km. 204 de la Carretera 185 Trans\u00edstmica, provocando la suspensi\u00f3n de paso vehicular hacia Mat\u00edas Romero, Tuxtepec y al estado de Veracruz.&nbsp;<\/p>\n\n\n\n<p>Dicha movilizaci\u00f3n fue encabezada por integrantes de la Uni\u00f3n de las Comunidades de la Zona Norte del Istmo (UCIZONI), quienes se solidarizaron con los pueblos del estado de Morales que luchan por la defensa del agua y en contra de la imposici\u00f3n de un proyecto integral hidroel\u00e9ctrico, por lo que, desde las siete de la ma\u00f1ana, tambi\u00e9n realizan un plant\u00f3n en las oficinas del Comisi\u00f3n Federal de Electricidad en la zona.&nbsp;&nbsp;<\/p>\n","protected":false},"excerpt":{"rendered":"<p>Evlin Arag\u00f3n\/Zona Roja. Oaxaca de Ju\u00e1rez, Oax., 1 de diciembre de 2020.- Al menos tres&hellip;<\/p>\n","protected":false},"author":2,"featured_media":20752,"comment_status":"closed","ping_status":"open","sticky":false,"template":"","format":"standard","meta":{"_lmt_disableupdate":"","_lmt_disable":"","_jetpack_memberships_contains_paid_content":false,"footnotes":""},"categories":[109,47],"tags":[2264],"class_list":["post-20751","post","type-post","status-publish","format-standard","has-post-thumbnail","hentry","category-minuto-a-minuto","category-zona-gris","tag-bloqueos-y-protestas-oaxaca"],"jetpack_featured_media_url":"https:\/\/zonaroja.com.mx\/wp-content\/uploads\/2020\/12\/Bloqueos-Istmo-Ucizoni.jpg","jetpack_sharing_enabled":true,"_links":{"self":[{"href":"https:\/\/zonaroja.com.mx\/index.php?rest_route=\/wp\/v2\/posts\/20751","targetHints":{"allow":["GET"]}}],"collection":[{"href":"https:\/\/zonaroja.com.mx\/index.php?rest_route=\/wp\/v2\/posts"}],"about":[{"href":"https:\/\/zonaroja.com.mx\/index.php?rest_route=\/wp\/v2\/types\/post"}],"author":[{"embeddable":true,"href":"https:\/\/zonaroja.com.mx\/index.php?rest_route=\/wp\/v2\/users\/2"}],"replies":[{"embeddable":true,"href":"https:\/\/zonaroja.com.mx\/index.php?rest_route=%2Fwp%2Fv2%2Fcomments&post=20751"}],"version-history":[{"count":1,"href":"https:\/\/zonaroja.com.mx\/index.php?rest_route=\/wp\/v2\/posts\/20751\/revisions"}],"predecessor-version":[{"id":20753,"href":"https:\/\/zonaroja.com.mx\/index.php?rest_route=\/wp\/v2\/posts\/20751\/revisions\/20753"}],"wp:featuredmedia":[{"embeddable":true,"href":"https:\/\/zonaroja.com.mx\/index.php?rest_route=\/wp\/v2\/media\/20752"}],"wp:attachment":[{"href":"https:\/\/zonaroja.com.mx\/index.php?rest_route=%2Fwp%2Fv2%2Fmedia&parent=20751"}],"wp:term":[{"taxonomy":"category","embeddable":true,"href":"https:\/\/zonaroja.com.mx\/index.php?rest_route=%2Fwp%2Fv2%2Fcategories&post=20751"},{"taxonomy":"post_tag","embeddable":true,"href":"https:\/\/zonaroja.com.mx\/index.php?rest_route=%2Fwp%2Fv2%2Ftags&post=20751"}],"curies":[{"name":"wp","href":"https:\/\/api.w.org\/{rel}","templated":true}]}}