{"id":20754,"date":"2020-12-01T20:40:07","date_gmt":"2020-12-02T02:40:07","guid":{"rendered":"http:\/\/www.zonaroja.com.mx\/?p=20754"},"modified":"2020-12-01T20:40:10","modified_gmt":"2020-12-02T02:40:10","slug":"oaxaca-testigo-de-dos-anos-de-buen-gobierno-de-amlo-delfina-guzman","status":"publish","type":"post","link":"https:\/\/zonaroja.com.mx\/?p=20754","title":{"rendered":"Oaxaca, testigo de dos a\u00f1os de buen gobierno de AMLO: Delfina Guzm\u00e1n"},"content":{"rendered":"\n<p>Redacci\u00f3n\/Zona Roja.<\/p>\n\n\n\n<p>Oaxaca de Ju\u00e1rez, Oax., 1 de diciembre de 2020.- La coordinadora del Grupo Parlamentario del Partido Morena en el Congreso de Oaxaca, Delfina Guzm\u00e1n D\u00edaz, reconoci\u00f3 el trabajo desempe\u00f1ado por el Presidente de la Rep\u00fablica, Andr\u00e9s Manuel L\u00f3pez Obrador, durante los dos primeros a\u00f1os de gobierno.<\/p>\n\n\n\n<p>\u201cOaxaca celebra los dos a\u00f1os de buen gobierno por parte del titular del Ejecutivo federal, dos a\u00f1os de transformaci\u00f3n en beneficio de los que menos tienen\u201d, enfatiz\u00f3.<\/p>\n\n\n\n<p>Record\u00f3 que la aplicaci\u00f3n de programas federales destinados a grupos en situaci\u00f3n de vulnerabilidad, la inversi\u00f3n millonaria en proyectos como la rehabilitaci\u00f3n del tren trans\u00edstmico o de la refiner\u00eda \u201cIng. Antonio Doval\u00ed Jaime\u201d, en Salina Cruz, son prueba fidedigna del desarrollo en la entidad.<\/p>\n\n\n\n<p>En este mismo sentido, destac\u00f3 que desde el Poder Legislativo han sumado esfuerzos para que los proyectos federales aterricen para beneficio de los y las mexicanas.<\/p>\n\n\n\n<p>Muestra de ello, dijo, es que la 64 Legislatura aprob\u00f3 minutas federales por las que se reform\u00f3 la Constituci\u00f3n Pol\u00edtica de los Estados Unidos Mexicanos en materia de bienestar social, juventud, movilidad y seguridad vial.<\/p>\n\n\n\n<p>\u201cEste es un gobierno de oportunidades para las personas j\u00f3venes, las mujeres y las comunidades. Termin\u00f3 con las d\u00e1divas y el paternalismo, y entreg\u00f3 espacios para trabajar, aprender y ganarse los ingresos con esfuerzo, trabajo colectivo y de manera digna\u201d, pronunci\u00f3.<\/p>\n\n\n\n<p>Tambi\u00e9n, resalt\u00f3 la apertura de la administraci\u00f3n federal en turno hacia los diversos sectores, la atenci\u00f3n hacia las v\u00edctimas y el respeto a los derechos humanos del pueblo mexicano.<\/p>\n","protected":false},"excerpt":{"rendered":"<p>Redacci\u00f3n\/Zona Roja. Oaxaca de Ju\u00e1rez, Oax., 1 de diciembre de 2020.- La coordinadora del Grupo&hellip;<\/p>\n","protected":false},"author":2,"featured_media":20755,"comment_status":"closed","ping_status":"open","sticky":false,"template":"","format":"standard","meta":{"_lmt_disableupdate":"","_lmt_disable":"","_jetpack_memberships_contains_paid_content":false,"footnotes":""},"categories":[109,46],"tags":[2212],"class_list":["post-20754","post","type-post","status-publish","format-standard","has-post-thumbnail","hentry","category-minuto-a-minuto","category-zona-blanca","tag-delfina-elizabeth-guzman-diaz"],"jetpack_featured_media_url":"https:\/\/zonaroja.com.mx\/wp-content\/uploads\/2020\/12\/DIP-DELFINA-GUZMAN.jpeg","jetpack_sharing_enabled":true,"_links":{"self":[{"href":"https:\/\/zonaroja.com.mx\/index.php?rest_route=\/wp\/v2\/posts\/20754","targetHints":{"allow":["GET"]}}],"collection":[{"href":"https:\/\/zonaroja.com.mx\/index.php?rest_route=\/wp\/v2\/posts"}],"about":[{"href":"https:\/\/zonaroja.com.mx\/index.php?rest_route=\/wp\/v2\/types\/post"}],"author":[{"embeddable":true,"href":"https:\/\/zonaroja.com.mx\/index.php?rest_route=\/wp\/v2\/users\/2"}],"replies":[{"embeddable":true,"href":"https:\/\/zonaroja.com.mx\/index.php?rest_route=%2Fwp%2Fv2%2Fcomments&post=20754"}],"version-history":[{"count":1,"href":"https:\/\/zonaroja.com.mx\/index.php?rest_route=\/wp\/v2\/posts\/20754\/revisions"}],"predecessor-version":[{"id":20756,"href":"https:\/\/zonaroja.com.mx\/index.php?rest_route=\/wp\/v2\/posts\/20754\/revisions\/20756"}],"wp:featuredmedia":[{"embeddable":true,"href":"https:\/\/zonaroja.com.mx\/index.php?rest_route=\/wp\/v2\/media\/20755"}],"wp:attachment":[{"href":"https:\/\/zonaroja.com.mx\/index.php?rest_route=%2Fwp%2Fv2%2Fmedia&parent=20754"}],"wp:term":[{"taxonomy":"category","embeddable":true,"href":"https:\/\/zonaroja.com.mx\/index.php?rest_route=%2Fwp%2Fv2%2Fcategories&post=20754"},{"taxonomy":"post_tag","embeddable":true,"href":"https:\/\/zonaroja.com.mx\/index.php?rest_route=%2Fwp%2Fv2%2Ftags&post=20754"}],"curies":[{"name":"wp","href":"https:\/\/api.w.org\/{rel}","templated":true}]}}