{"id":20757,"date":"2020-12-01T21:57:39","date_gmt":"2020-12-02T03:57:39","guid":{"rendered":"http:\/\/www.zonaroja.com.mx\/?p=20757"},"modified":"2020-12-01T21:57:43","modified_gmt":"2020-12-02T03:57:43","slug":"oaxaqueno-compone-cancion-en-agradecimiento-a-presidente-lopez-obrador","status":"publish","type":"post","link":"https:\/\/zonaroja.com.mx\/?p=20757","title":{"rendered":"Oaxaque\u00f1o compone canci\u00f3n en agradecimiento a presidente L\u00f3pez Obrador"},"content":{"rendered":"\n<p>Yuridiana Sosa\/Zona Roja.<\/p>\n\n\n\n<p>Oaxaca de Ju\u00e1rez, Oax., 1 de diciembre de 2020.- El cantautor oaxaque\u00f1o Nelo Canseco, le escribi\u00f3 y dedic\u00f3 una canci\u00f3n al Presidente de M\u00e9xico, Andr\u00e9s Manuel L\u00f3pez Obrador, en agradecimiento por los programas y acciones a favor del pa\u00eds.<\/p>\n\n\n\n<p>A trav\u00e9s de sus redes sociales, el diputado local Horacio Sosa Villavicencio present\u00f3 al joven cantante, oriundo de San Bartolo Coyotepec, quien describe, desde su percepci\u00f3n, el nuevo panorama alentador que ofrece L\u00f3pez Obrador a M\u00e9xico, en comparaci\u00f3n a gobierno anteriores.<\/p>\n\n\n\n<p>Acompa\u00f1ado \u00fanicamente con su guitarra, desde el kiosco del parque central el m\u00fasico enton\u00f2 \u201cGracias Andr\u00e9s\u201d. El cantante agradeci\u00f3, a nombre de los grupos m\u00e1s vulnerables, por devolver la confianza, la esperanza y la fe de un pa\u00eds m\u00e1s justo.<\/p>\n\n\n\n<p>\u201cPor desterrar esas injusticias de nuestro ayer, juntos vivimos momentos duros y muy tristes y nadie arriba ten\u00eda o\u00eddos para escuchar, solo maltratos, violencia y abusos, todos impunes, el pan del d\u00eda que el pueblo tuvo que soportar\u201d, dice la canci\u00f3n.<\/p>\n\n\n\n<p>El joven no pas\u00f3 por alto el agradecimiento al presidente de M\u00e9xico por \u201ccreer en la voluntad de nuestro pueblo que te ha clamado la paz social; Gracias Andr\u00e9s por nunca rendirte, por devolvernos la esperanza de libertad\u201d, agreg\u00f3.<\/p>\n\n\n\n<figure class=\"wp-block-embed-twitter wp-block-embed is-type-rich is-provider-twitter\"><div class=\"wp-block-embed__wrapper\">\n<div class=\"twitter-tweet\"><blockquote class=\"twitter-tweet\" data-lang=\"es\"><p lang=\"es\" dir=\"ltr\">\u00bfQu\u00e9 le parece? Nelo Canseco, un joven m\u00fasico de San Bartolo Coyotepec, <a href=\"https:\/\/twitter.com\/hashtag\/Oaxaca?src=hash&amp;ref_src=twsrc%5Etfw\">#Oaxaca<\/a>, le compuso esta canci\u00f3n al Presidente <a href=\"https:\/\/twitter.com\/lopezobrador_?ref_src=twsrc%5Etfw\">@lopezobrador_<\/a>, en la v\u00edspera de iniciar su tercer su tercer a\u00f1o de mandato. <br>El diputado <a href=\"https:\/\/twitter.com\/HoracioSosaOax?ref_src=twsrc%5Etfw\">@HoracioSosaOax<\/a> comparti\u00f3 el video: \ud83d\udc47 <a href=\"https:\/\/t.co\/QlJPJ7QqNZ\">pic.twitter.com\/QlJPJ7QqNZ<\/a><\/p>&mdash; Zona Roja Oaxaca (@MexRoja) <a href=\"https:\/\/twitter.com\/MexRoja\/status\/1333554234185363460?ref_src=twsrc%5Etfw\">30 de noviembre de 2020<\/a><\/blockquote><\/div>\n<\/div><\/figure>\n\n\n\n<p>Pero tambi\u00e9n incluy\u00f3 el contexto pol\u00edtico de las cr\u00edticas del grupo de oposici\u00f3n, el cual mientras estuvo frente al poder fue omiso al dolor del pueblo.<\/p>\n\n\n\n<p>\u201cSe hunden los barcos de aquellos que ligeros flotaban, y moralmente ya derrotados nadie les cree. Con mano dura a inocentes siempre callaban, golpes y plomo eran pal&#8217; pobre y nadie m\u00e1s\u201d.<\/p>\n\n\n\n<p>Este 1 de diciembre el gobierno de la Cuarta Transformaci\u00f3n de Andr\u00e9s Manuel L\u00f3pez Obrador cumple dos a\u00f1os, lo cual tambi\u00e9n ha sido motivo que en Oaxaca, funcionarios federales y diputados realicen la distribuci\u00f3n de un peri\u00f3dico con los logros del gobierno de M\u00e9xico.<\/p>\n","protected":false},"excerpt":{"rendered":"<p>Yuridiana Sosa\/Zona Roja. Oaxaca de Ju\u00e1rez, Oax., 1 de diciembre de 2020.- El cantautor oaxaque\u00f1o&hellip;<\/p>\n","protected":false},"author":2,"featured_media":20758,"comment_status":"closed","ping_status":"open","sticky":false,"template":"","format":"standard","meta":{"_lmt_disableupdate":"","_lmt_disable":"","_jetpack_memberships_contains_paid_content":false,"footnotes":""},"categories":[109,46],"tags":[444],"class_list":["post-20757","post","type-post","status-publish","format-standard","has-post-thumbnail","hentry","category-minuto-a-minuto","category-zona-blanca","tag-horacio-sosa-villavicencio"],"jetpack_featured_media_url":"https:\/\/zonaroja.com.mx\/wp-content\/uploads\/2020\/12\/Musico-compositor-Coyotepec.jpg","jetpack_sharing_enabled":true,"_links":{"self":[{"href":"https:\/\/zonaroja.com.mx\/index.php?rest_route=\/wp\/v2\/posts\/20757","targetHints":{"allow":["GET"]}}],"collection":[{"href":"https:\/\/zonaroja.com.mx\/index.php?rest_route=\/wp\/v2\/posts"}],"about":[{"href":"https:\/\/zonaroja.com.mx\/index.php?rest_route=\/wp\/v2\/types\/post"}],"author":[{"embeddable":true,"href":"https:\/\/zonaroja.com.mx\/index.php?rest_route=\/wp\/v2\/users\/2"}],"replies":[{"embeddable":true,"href":"https:\/\/zonaroja.com.mx\/index.php?rest_route=%2Fwp%2Fv2%2Fcomments&post=20757"}],"version-history":[{"count":1,"href":"https:\/\/zonaroja.com.mx\/index.php?rest_route=\/wp\/v2\/posts\/20757\/revisions"}],"predecessor-version":[{"id":20759,"href":"https:\/\/zonaroja.com.mx\/index.php?rest_route=\/wp\/v2\/posts\/20757\/revisions\/20759"}],"wp:featuredmedia":[{"embeddable":true,"href":"https:\/\/zonaroja.com.mx\/index.php?rest_route=\/wp\/v2\/media\/20758"}],"wp:attachment":[{"href":"https:\/\/zonaroja.com.mx\/index.php?rest_route=%2Fwp%2Fv2%2Fmedia&parent=20757"}],"wp:term":[{"taxonomy":"category","embeddable":true,"href":"https:\/\/zonaroja.com.mx\/index.php?rest_route=%2Fwp%2Fv2%2Fcategories&post=20757"},{"taxonomy":"post_tag","embeddable":true,"href":"https:\/\/zonaroja.com.mx\/index.php?rest_route=%2Fwp%2Fv2%2Ftags&post=20757"}],"curies":[{"name":"wp","href":"https:\/\/api.w.org\/{rel}","templated":true}]}}