{"id":20760,"date":"2020-12-01T22:20:45","date_gmt":"2020-12-02T04:20:45","guid":{"rendered":"http:\/\/www.zonaroja.com.mx\/?p=20760"},"modified":"2020-12-01T22:20:48","modified_gmt":"2020-12-02T04:20:48","slug":"crece-violencia-en-la-capital-de-oaxaca-un-asesinado-y-dos-lesionados-tras-asalto","status":"publish","type":"post","link":"https:\/\/zonaroja.com.mx\/?p=20760","title":{"rendered":"Crece violencia en la capital de Oaxaca: un asesinado y dos lesionados tras asalto"},"content":{"rendered":"\n<p>Ismael Garc\u00eda M.\/Zona Roja.<\/p>\n\n\n\n<p>Oaxaca de Ju\u00e1rez, Oax., 1 de diciembre de 2020.- La violencia se increment\u00f3 en la capital de Oaxaca este martes, lo que exhibi\u00f3 la nula capacidad operativa del gobierno municipal para frenar los delitos.<\/p>\n\n\n\n<p>Esta noche, el responsable de una est\u00e9tica fue asesinado a balazos en el interior de su negocio, ubicado en la calle Fernando Montes de Oca, del barrio Ex Marquesado, al oriente de la ciudad.<\/p>\n\n\n\n<p>Sujetos armados ingresaron al lugar y dieron muerte a quien fue identificado de manera preliminar como \u201cSherlyn\u201d; hasta el momento no hay personas detenidas.<\/p>\n\n\n\n<figure class=\"wp-block-embed-twitter wp-block-embed is-type-rich is-provider-twitter\"><div class=\"wp-block-embed__wrapper\">\n<div class=\"twitter-tweet\"><blockquote class=\"twitter-tweet\" data-lang=\"es\"><p lang=\"es\" dir=\"ltr\"><a href=\"https:\/\/twitter.com\/hashtag\/%C3%9AltimoMinuto?src=hash&amp;ref_src=twsrc%5Etfw\">#\u00daltimoMinuto<\/a> <br>Inseguridad y violencia al tope en el <a href=\"https:\/\/twitter.com\/MunicipioOaxaca?ref_src=twsrc%5Etfw\">@MunicipioOaxaca<\/a>; reportan disparos de arma de fuego en vialidad del barrio Ex Marquesado de la capital; una persona ya habr\u00eda perdido la vida. Corporaciones policiacas acordonan la zona. <a href=\"https:\/\/t.co\/7Cs08E9zC1\">pic.twitter.com\/7Cs08E9zC1<\/a><\/p>&mdash; Zona Roja Oaxaca (@MexRoja) <a href=\"https:\/\/twitter.com\/MexRoja\/status\/1333966292374728707?ref_src=twsrc%5Etfw\">2 de diciembre de 2020<\/a><\/blockquote><\/div>\n<\/div><\/figure>\n\n\n\n<p>Minutos despu\u00e9s de este hecho, unas cuadras adelante, sobre la calzada Madero, un joven fue lesionado con arma blanca, en un intento de asalto; en este caso, el probable agresor fue detenido y entregado a la Polic\u00eda Municipal.<\/p>\n\n\n\n<p>Apenas ocurr\u00eda ese hecho, cuando en la Central de Abasto fue reportada la agresi\u00f3n a otra persona, tras asalto; en esta ocasi\u00f3n, no hubo detenidos.<\/p>\n\n\n\n<figure class=\"wp-block-embed-twitter wp-block-embed is-type-rich is-provider-twitter\"><div class=\"wp-block-embed__wrapper\">\n<div class=\"twitter-tweet\"><blockquote class=\"twitter-tweet\" data-lang=\"es\"><p lang=\"es\" dir=\"ltr\"><a href=\"https:\/\/twitter.com\/hashtag\/%C3%9AltimoMinuto?src=hash&amp;ref_src=twsrc%5Etfw\">#\u00daltimoMinuto<\/a> <br>Imparable la violencia en la capital. En la calzada Madero de la ciudad de <a href=\"https:\/\/twitter.com\/hashtag\/Oaxaca?src=hash&amp;ref_src=twsrc%5Etfw\">#Oaxaca<\/a> -cerca de donde asesinaron a balazos esta noche a una persona-, un individuo fue atacado a pu\u00f1aladas; el agresor fue detenido en esta ocasi\u00f3n. <a href=\"https:\/\/t.co\/wPxIc8q9mT\">pic.twitter.com\/wPxIc8q9mT<\/a><\/p>&mdash; Zona Roja Oaxaca (@MexRoja) <a href=\"https:\/\/twitter.com\/MexRoja\/status\/1333980890662363138?ref_src=twsrc%5Etfw\">2 de diciembre de 2020<\/a><\/blockquote><\/div>\n<\/div><\/figure>\n","protected":false},"excerpt":{"rendered":"<p>Ismael Garc\u00eda M.\/Zona Roja. Oaxaca de Ju\u00e1rez, Oax., 1 de diciembre de 2020.- La violencia&hellip;<\/p>\n","protected":false},"author":2,"featured_media":20761,"comment_status":"closed","ping_status":"open","sticky":false,"template":"","format":"standard","meta":{"_lmt_disableupdate":"","_lmt_disable":"","_jetpack_memberships_contains_paid_content":false,"footnotes":""},"categories":[109,51],"tags":[148],"class_list":["post-20760","post","type-post","status-publish","format-standard","has-post-thumbnail","hentry","category-minuto-a-minuto","category-zona-roja","tag-oaxaca-de-juarez"],"jetpack_featured_media_url":"https:\/\/zonaroja.com.mx\/wp-content\/uploads\/2020\/12\/Asesinado-estetica-ciudad-de-Oaxaca.jpg","jetpack_sharing_enabled":true,"_links":{"self":[{"href":"https:\/\/zonaroja.com.mx\/index.php?rest_route=\/wp\/v2\/posts\/20760","targetHints":{"allow":["GET"]}}],"collection":[{"href":"https:\/\/zonaroja.com.mx\/index.php?rest_route=\/wp\/v2\/posts"}],"about":[{"href":"https:\/\/zonaroja.com.mx\/index.php?rest_route=\/wp\/v2\/types\/post"}],"author":[{"embeddable":true,"href":"https:\/\/zonaroja.com.mx\/index.php?rest_route=\/wp\/v2\/users\/2"}],"replies":[{"embeddable":true,"href":"https:\/\/zonaroja.com.mx\/index.php?rest_route=%2Fwp%2Fv2%2Fcomments&post=20760"}],"version-history":[{"count":1,"href":"https:\/\/zonaroja.com.mx\/index.php?rest_route=\/wp\/v2\/posts\/20760\/revisions"}],"predecessor-version":[{"id":20762,"href":"https:\/\/zonaroja.com.mx\/index.php?rest_route=\/wp\/v2\/posts\/20760\/revisions\/20762"}],"wp:featuredmedia":[{"embeddable":true,"href":"https:\/\/zonaroja.com.mx\/index.php?rest_route=\/wp\/v2\/media\/20761"}],"wp:attachment":[{"href":"https:\/\/zonaroja.com.mx\/index.php?rest_route=%2Fwp%2Fv2%2Fmedia&parent=20760"}],"wp:term":[{"taxonomy":"category","embeddable":true,"href":"https:\/\/zonaroja.com.mx\/index.php?rest_route=%2Fwp%2Fv2%2Fcategories&post=20760"},{"taxonomy":"post_tag","embeddable":true,"href":"https:\/\/zonaroja.com.mx\/index.php?rest_route=%2Fwp%2Fv2%2Ftags&post=20760"}],"curies":[{"name":"wp","href":"https:\/\/api.w.org\/{rel}","templated":true}]}}