{"id":20763,"date":"2020-12-01T22:27:20","date_gmt":"2020-12-02T04:27:20","guid":{"rendered":"http:\/\/www.zonaroja.com.mx\/?p=20763"},"modified":"2020-12-01T22:27:25","modified_gmt":"2020-12-02T04:27:25","slug":"vuelven-a-aumentar-contagios-y-decesos-de-covid-en-oaxaca","status":"publish","type":"post","link":"https:\/\/zonaroja.com.mx\/?p=20763","title":{"rendered":"Vuelven a aumentar contagios y decesos de Covid en Oaxaca"},"content":{"rendered":"\n<p>Redacci\u00f3n\/Zona Roja.<\/p>\n\n\n\n<p>Oaxaca de Ju\u00e1rez, Oax. 1 de diciembre de 2020.- En Oaxaca, 24 mil 518 personas se han contagiado de la enfermedad SARS-CoV-2; de ellos el 89.8% se han recuperado, lo que representa 22 mil 039 pacientes, inform\u00f3 la dependencia Servicios de Salud de Oaxaca (SSO).<\/p>\n\n\n\n<p>Este martes, tambi\u00e9n destac\u00f3 que el sector Salud confirm\u00f3 136 contagios nuevos y ocho defunciones asociadas a Covid-19, con lo que el n\u00famero de fallecimientos a nivel estatal alcanz\u00f3 los mil 934.<\/p>\n\n\n\n<p>En cuanto a los casos activos en la entidad, se reportan 555, as\u00ed tambi\u00e9n hay tres mil 627 como sospechoso y un acumulado de 10 mil 785 personas con diagnostico negativo, enfatiz\u00f3.<\/p>\n\n\n\n<p>En un comunicado, asever\u00f3 que son 41 municipios al corte de este 1 de diciembre con la presencia de casos nuevos, con la mayor incidencia de contagios en Oaxaca de Ju\u00e1rez con 46 nuevos pacientes, con un total de 182 activos y un acumulado de seis mil 966 notificaciones desde el inici\u00f3 de la pandemia, esta zona representa el 28.4% del global de casos confirmados en todo el territorio oaxaque\u00f1o.<\/p>\n\n\n\n<p>En tanto, a la distribuci\u00f3n Jurisdiccional del total de contagios, 16 mil 487 corresponden a Valles Centrales, dos mil 319 al Istmo, mil 881 a Tuxtepec, mil 805 a la Mixteca, mil 265 a la Costa y 761 a la Sierra.<\/p>\n\n\n\n<p>Mencion\u00f3 que a la fecha se tiene el reporte de 987 m\u00e9dicos con diagnostico positivo al nuevo coronavirus, mil 273 del \u00e1rea de enfermer\u00eda y mil 041 de otros perfiles.<\/p>\n\n\n\n<p>Asever\u00f3 que la red hospitalaria se encuentra al 33.4% de ocupaci\u00f3n de camas para pacientes que requieren atenci\u00f3n especializada por COVID-19, 37.6% son camas de observaci\u00f3n y 26.7% de terapia intensiva.<\/p>\n","protected":false},"excerpt":{"rendered":"<p>Redacci\u00f3n\/Zona Roja. Oaxaca de Ju\u00e1rez, Oax. 1 de diciembre de 2020.- En Oaxaca, 24 mil&hellip;<\/p>\n","protected":false},"author":2,"featured_media":20764,"comment_status":"closed","ping_status":"open","sticky":false,"template":"","format":"standard","meta":{"_lmt_disableupdate":"","_lmt_disable":"","_jetpack_memberships_contains_paid_content":false,"footnotes":""},"categories":[109,47],"tags":[1512],"class_list":["post-20763","post","type-post","status-publish","format-standard","has-post-thumbnail","hentry","category-minuto-a-minuto","category-zona-gris","tag-coronavirus-oaxaca"],"jetpack_featured_media_url":"https:\/\/zonaroja.com.mx\/wp-content\/uploads\/2020\/12\/GRAFICA-SSO-01-1.jpeg","jetpack_sharing_enabled":true,"_links":{"self":[{"href":"https:\/\/zonaroja.com.mx\/index.php?rest_route=\/wp\/v2\/posts\/20763","targetHints":{"allow":["GET"]}}],"collection":[{"href":"https:\/\/zonaroja.com.mx\/index.php?rest_route=\/wp\/v2\/posts"}],"about":[{"href":"https:\/\/zonaroja.com.mx\/index.php?rest_route=\/wp\/v2\/types\/post"}],"author":[{"embeddable":true,"href":"https:\/\/zonaroja.com.mx\/index.php?rest_route=\/wp\/v2\/users\/2"}],"replies":[{"embeddable":true,"href":"https:\/\/zonaroja.com.mx\/index.php?rest_route=%2Fwp%2Fv2%2Fcomments&post=20763"}],"version-history":[{"count":1,"href":"https:\/\/zonaroja.com.mx\/index.php?rest_route=\/wp\/v2\/posts\/20763\/revisions"}],"predecessor-version":[{"id":20765,"href":"https:\/\/zonaroja.com.mx\/index.php?rest_route=\/wp\/v2\/posts\/20763\/revisions\/20765"}],"wp:featuredmedia":[{"embeddable":true,"href":"https:\/\/zonaroja.com.mx\/index.php?rest_route=\/wp\/v2\/media\/20764"}],"wp:attachment":[{"href":"https:\/\/zonaroja.com.mx\/index.php?rest_route=%2Fwp%2Fv2%2Fmedia&parent=20763"}],"wp:term":[{"taxonomy":"category","embeddable":true,"href":"https:\/\/zonaroja.com.mx\/index.php?rest_route=%2Fwp%2Fv2%2Fcategories&post=20763"},{"taxonomy":"post_tag","embeddable":true,"href":"https:\/\/zonaroja.com.mx\/index.php?rest_route=%2Fwp%2Fv2%2Ftags&post=20763"}],"curies":[{"name":"wp","href":"https:\/\/api.w.org\/{rel}","templated":true}]}}