{"id":20769,"date":"2020-12-02T07:54:49","date_gmt":"2020-12-02T13:54:49","guid":{"rendered":"http:\/\/www.zonaroja.com.mx\/?p=20769"},"modified":"2020-12-02T07:54:53","modified_gmt":"2020-12-02T13:54:53","slug":"destaca-el-cepiadet-apertura-del-poder-judicial-de-oaxaca-con-la-sociedad-civil","status":"publish","type":"post","link":"https:\/\/zonaroja.com.mx\/?p=20769","title":{"rendered":"Destaca el Cepiadet apertura del Poder Judicial de Oaxaca con la sociedad civil"},"content":{"rendered":"\n<p>Redacci\u00f3n\/Zona Roja.<\/p>\n\n\n\n<p>Oaxaca de Ju\u00e1rez, Oax., 2 de diciembre de 2020.- El presidente del Consejo Directivo del Centro Profesional Ind\u00edgena de Asesor\u00eda Defensa y Traducci\u00f3n (Cepiadet), Tom\u00e1s L\u00f3pez Sarabia, reconoci\u00f3 la apertura y disposici\u00f3n del Poder Judicial del Estado de Oaxaca para la conformaci\u00f3n de un Consejo Consultivo Ciudadano y sumar en este esfuerzo a las organizaciones civiles.<\/p>\n\n\n\n<p>\u201cEs importante contar con instituciones p\u00fablicas dispuestas a escuchar, a construir mejores condiciones para el ejercicio de los derechos de toda la ciudadan\u00eda, y en este caso el tema que nos toca atender a nosotros desde la sociedad civil es a la poblaci\u00f3n ind\u00edgena en el estado de Oaxaca, y esto redunda principalmente en un tema de la dignidad de las personas\u201d, enfatiz\u00f3.<\/p>\n\n\n\n<p>En la administraci\u00f3n del magistrado Eduardo Pinacho S\u00e1nchez, en conjunto con Cepiadet y con el objetivo de fortalecer la interlocuci\u00f3n con la sociedad civil e impulsar una administraci\u00f3n de justicia desde una visi\u00f3n pluralista y garante de los derechos humanos se ha promovido el intercambio de conocimientos para mejorar la actuaci\u00f3n jurisdiccional.<\/p>\n\n\n\n<p>En este sentido, el presidente del Consejo Directivo del Cepiadet celebr\u00f3 la iniciativa del Poder Judicial del Estado y coment\u00f3 que en M\u00e9xico se requieren consolidar reformas constitucionales no s\u00f3lo a nivel nacional sino en las propias entidades, para sobrepasar la brecha de implementaci\u00f3n que perjudica, en cierto grado, a los derechos de las comunidades ind\u00edgenas.<\/p>\n\n\n\n<p>Mencion\u00f3 que el tema central de esta suma de esfuerzos, es garantizar la participaci\u00f3n de la sociedad civil. Asimismo, gracias a la instalaci\u00f3n del Consejo Consultivo Ciudadano se contribuye a un apoyo m\u00e1s especializado y de consulta para generar lineamientos, proyectos y actividades en agendas de derechos humanos, g\u00e9nero y transparencia.<\/p>\n\n\n\n<p>\u201cHemos sido muy enf\u00e1ticos en se\u00f1alar las deficiencias estructurales que tenemos para poder acceder a la justicia, pero tambi\u00e9n hemos sido muy responsables en la construcci\u00f3n de estas alternativas de colaboraci\u00f3n que van m\u00e1s all\u00e1 de nuestras divergencias\u201d, puntualiz\u00f3.<\/p>\n\n\n\n<p>Para el Poder Judicial del Estado, es fundamental la construcci\u00f3n de acciones que contribuyan a la labor jurisdiccional con perspectiva de g\u00e9nero, derechos humanos, fomento a la participaci\u00f3n ciudadana y alcanzar una justicia m\u00e1s abierta.<\/p>\n\n\n\n<p>Tal es el caso del Consejo Consultivo Ciudadano que recientemente ha puesto en marcha su implementaci\u00f3n, a trav\u00e9s de la colaboraci\u00f3n conjunta tanto del Poder Judicial como de organizaciones civiles como el Centro Profesional Ind\u00edgena de Asesor\u00eda Defensa y Traducci\u00f3n, A. C. (Cepiadet), Ixmucane y EQUIS Justicia para las Mujeres.<\/p>\n","protected":false},"excerpt":{"rendered":"<p>Redacci\u00f3n\/Zona Roja. Oaxaca de Ju\u00e1rez, Oax., 2 de diciembre de 2020.- El presidente del Consejo&hellip;<\/p>\n","protected":false},"author":2,"featured_media":20770,"comment_status":"closed","ping_status":"open","sticky":false,"template":"","format":"standard","meta":{"_lmt_disableupdate":"","_lmt_disable":"","_jetpack_memberships_contains_paid_content":false,"footnotes":""},"categories":[109,46],"tags":[223],"class_list":["post-20769","post","type-post","status-publish","format-standard","has-post-thumbnail","hentry","category-minuto-a-minuto","category-zona-blanca","tag-poder-judicial-de-oaxaca"],"jetpack_featured_media_url":"https:\/\/zonaroja.com.mx\/wp-content\/uploads\/2020\/12\/CREACION-DE-CONSEJO-CONSULTIVO-CIUDADANO.jpg","jetpack_sharing_enabled":true,"_links":{"self":[{"href":"https:\/\/zonaroja.com.mx\/index.php?rest_route=\/wp\/v2\/posts\/20769","targetHints":{"allow":["GET"]}}],"collection":[{"href":"https:\/\/zonaroja.com.mx\/index.php?rest_route=\/wp\/v2\/posts"}],"about":[{"href":"https:\/\/zonaroja.com.mx\/index.php?rest_route=\/wp\/v2\/types\/post"}],"author":[{"embeddable":true,"href":"https:\/\/zonaroja.com.mx\/index.php?rest_route=\/wp\/v2\/users\/2"}],"replies":[{"embeddable":true,"href":"https:\/\/zonaroja.com.mx\/index.php?rest_route=%2Fwp%2Fv2%2Fcomments&post=20769"}],"version-history":[{"count":1,"href":"https:\/\/zonaroja.com.mx\/index.php?rest_route=\/wp\/v2\/posts\/20769\/revisions"}],"predecessor-version":[{"id":20771,"href":"https:\/\/zonaroja.com.mx\/index.php?rest_route=\/wp\/v2\/posts\/20769\/revisions\/20771"}],"wp:featuredmedia":[{"embeddable":true,"href":"https:\/\/zonaroja.com.mx\/index.php?rest_route=\/wp\/v2\/media\/20770"}],"wp:attachment":[{"href":"https:\/\/zonaroja.com.mx\/index.php?rest_route=%2Fwp%2Fv2%2Fmedia&parent=20769"}],"wp:term":[{"taxonomy":"category","embeddable":true,"href":"https:\/\/zonaroja.com.mx\/index.php?rest_route=%2Fwp%2Fv2%2Fcategories&post=20769"},{"taxonomy":"post_tag","embeddable":true,"href":"https:\/\/zonaroja.com.mx\/index.php?rest_route=%2Fwp%2Fv2%2Ftags&post=20769"}],"curies":[{"name":"wp","href":"https:\/\/api.w.org\/{rel}","templated":true}]}}