{"id":20772,"date":"2020-12-02T07:59:45","date_gmt":"2020-12-02T13:59:45","guid":{"rendered":"http:\/\/www.zonaroja.com.mx\/?p=20772"},"modified":"2020-12-02T07:59:49","modified_gmt":"2020-12-02T13:59:49","slug":"piden-a-gobernador-hacer-publico-el-ahorro-de-2500-mdp-por-pandemia","status":"publish","type":"post","link":"https:\/\/zonaroja.com.mx\/?p=20772","title":{"rendered":"Piden a gobernador hacer p\u00fablico el ahorro de 2,500 mdp por pandemia"},"content":{"rendered":"\n<p>Evlin Arag\u00f3n\/Zona Roja.<\/p>\n\n\n\n<p>Oaxaca de Ju\u00e1rez, Oax., 2 de diciembre de 2020.- En la reciente sesi\u00f3n ordinaria, el pleno de la 64 Legislatura del Congreso de Oaxaca aprob\u00f3 un exhorto al gobernador Alejandro Murat Hinojosa, para que transparente y haga p\u00fablico los ahorros y ajustes presupuestales, que producto de la pandemia, la administraci\u00f3n p\u00fablica ha economizado y que asciende a un aproximado de dos mil 500 millones de pesos.<\/p>\n\n\n\n<p>As\u00ed lo refiere el expediente 207 del \u00edndice de la Comisi\u00f3n Permanente de Presupuesto y Programaci\u00f3n, que se dio a la tarea de revisar el punto de acuerdo presentado el 15 de septiembre por el diputado del Partido del Trabajo, C\u00e9sar Morales Ni\u00f1o, que argument\u00f3 un ahorro considerable, ya que la administraci\u00f3n p\u00fablica ha economizado en pago de energ\u00eda el\u00e9ctrica, agua, rentas muebles e inmuebles, servicios personales, generales, materiales, suministros as\u00ed como actos eventos culturales y festivos que fueron suspendidos a consecuencia del coronavirus.<\/p>\n\n\n\n<p>De acuerdo con el documento y conforme a los datos del Presupuesto de Egresos 2020, el ahorro incluye los 21.5 millones de pesos de inversi\u00f3n de la Guelaguetza, que este a\u00f1o qued\u00f3 suspendida por la contingencia sanitaria; as\u00ed como 48 millones m\u00e1s destinado a la contrataci\u00f3n plurianual de los servicios de consultor\u00eda para apoyo t\u00e9cnico legal y financiero, gestor\u00eda especializada de organismos operadores de un agente verificador independiente y asesor\u00eda legal para el programa \u201cMas Oaxaca\u201d.<\/p>\n\n\n\n<p>As\u00ed mismo, 90 millones m\u00e1s que no se utilizaron para el arrendamiento de equipo de transporte para el personal de base del Sindicato de Bur\u00f3cratas, autorizado mediante dictamen presupuestario expedido por la Secretar\u00eda de Finanza desde 2018 y que, en teor\u00eda, no se ha podido gastar ya que la base trabajadora no ha asistido a laborar desde finales del mes de marzo.&nbsp;<\/p>\n\n\n\n<p>Finalmente, m\u00e1s de dos mil millones de pesos en gasto corriente derivado del ahorro tentativo del 10 por ciento, tomando en cuenta que los meses de abril, mayo, junio, julio y agosto no se labor\u00f3 con normalidad.<\/p>\n\n\n\n<p>De acuerdo al dictamen emitido, dicha bolsa de ahorros podr\u00eda reasignarse antes que acabe el presente ejercicio fiscal para enfrentar la de desaceleraci\u00f3n econ\u00f3mica y con ello paliar o incentivar la econom\u00eda de lo sector desfavorecido de Oaxaca, particularmente ante la crisis sanitaria.&nbsp;&nbsp;&nbsp;<\/p>\n\n\n\n<p>As\u00ed mismo el titular del Poder Ejecutivo deber\u00e1 cumplir con las diversas disposiciones en materia de transparencia fiscal, informaci\u00f3n que se deber\u00e1 incluir en los informes trimestrales y Cuenta P\u00fablica, por lo tanto, se exige se haga p\u00fablico el monto ahorrado.&nbsp;<\/p>\n\n\n\n<p>\u201cLa Sexag\u00e9sima Cuarta Legislatura del Congreso del Estado Libre y Soberano de Oaxaca, exhorta al gobernador Alejandro Murat Hinojosa, para que transparente y haga p\u00fablico los ahorros y ajustes presupuestales, que producto de la pandemia, la administraci\u00f3n p\u00fablica ha economizado en pago de energ\u00eda el\u00e9ctrica, agua, rentas muebles e inmuebles, servicios personales, generales, materiales, suministros as\u00ed como actos eventos culturales y festivos, etc., que fueron suspendidos a consecuencia del coronavirus\u201d, cita el documento.<\/p>\n","protected":false},"excerpt":{"rendered":"<p>Evlin Arag\u00f3n\/Zona Roja. Oaxaca de Ju\u00e1rez, Oax., 2 de diciembre de 2020.- En la reciente&hellip;<\/p>\n","protected":false},"author":2,"featured_media":7605,"comment_status":"closed","ping_status":"open","sticky":false,"template":"","format":"standard","meta":{"_lmt_disableupdate":"","_lmt_disable":"","_jetpack_memberships_contains_paid_content":false,"footnotes":""},"categories":[109,47],"tags":[213],"class_list":["post-20772","post","type-post","status-publish","format-standard","has-post-thumbnail","hentry","category-minuto-a-minuto","category-zona-gris","tag-64-legislatura-de-oaxaca"],"jetpack_featured_media_url":"https:\/\/zonaroja.com.mx\/wp-content\/uploads\/2020\/01\/C\u00e1mara-de-Diputados-Oax-5.jpg","jetpack_sharing_enabled":true,"_links":{"self":[{"href":"https:\/\/zonaroja.com.mx\/index.php?rest_route=\/wp\/v2\/posts\/20772","targetHints":{"allow":["GET"]}}],"collection":[{"href":"https:\/\/zonaroja.com.mx\/index.php?rest_route=\/wp\/v2\/posts"}],"about":[{"href":"https:\/\/zonaroja.com.mx\/index.php?rest_route=\/wp\/v2\/types\/post"}],"author":[{"embeddable":true,"href":"https:\/\/zonaroja.com.mx\/index.php?rest_route=\/wp\/v2\/users\/2"}],"replies":[{"embeddable":true,"href":"https:\/\/zonaroja.com.mx\/index.php?rest_route=%2Fwp%2Fv2%2Fcomments&post=20772"}],"version-history":[{"count":1,"href":"https:\/\/zonaroja.com.mx\/index.php?rest_route=\/wp\/v2\/posts\/20772\/revisions"}],"predecessor-version":[{"id":20773,"href":"https:\/\/zonaroja.com.mx\/index.php?rest_route=\/wp\/v2\/posts\/20772\/revisions\/20773"}],"wp:featuredmedia":[{"embeddable":true,"href":"https:\/\/zonaroja.com.mx\/index.php?rest_route=\/wp\/v2\/media\/7605"}],"wp:attachment":[{"href":"https:\/\/zonaroja.com.mx\/index.php?rest_route=%2Fwp%2Fv2%2Fmedia&parent=20772"}],"wp:term":[{"taxonomy":"category","embeddable":true,"href":"https:\/\/zonaroja.com.mx\/index.php?rest_route=%2Fwp%2Fv2%2Fcategories&post=20772"},{"taxonomy":"post_tag","embeddable":true,"href":"https:\/\/zonaroja.com.mx\/index.php?rest_route=%2Fwp%2Fv2%2Ftags&post=20772"}],"curies":[{"name":"wp","href":"https:\/\/api.w.org\/{rel}","templated":true}]}}