{"id":20774,"date":"2020-12-02T09:30:42","date_gmt":"2020-12-02T15:30:42","guid":{"rendered":"http:\/\/www.zonaroja.com.mx\/?p=20774"},"modified":"2020-12-02T09:30:46","modified_gmt":"2020-12-02T15:30:46","slug":"geovana-era-bailarina-y-buscaba-ser-feliz-fue-asesinada-como-otras-479-mujeres-mas","status":"publish","type":"post","link":"https:\/\/zonaroja.com.mx\/?p=20774","title":{"rendered":"Geovana era bailarina y buscaba ser feliz; fue asesinada como otras 479 mujeres m\u00e1s"},"content":{"rendered":"\n<p>Evlin Arag\u00f3n\/Zona Roja.<\/p>\n\n\n\n<p>Oaxaca de Ju\u00e1rez, Oax., 2 de diciembre de 2020.- \u201cSoy una mujer inteligente, audaz, capaz, con principios, pero sobre todo soy una mujer completa\u201d, as\u00ed se defin\u00eda Geovana Angulo Ramos, cuyo cuerpo sin vida fue localizado en estado de descomposici\u00f3n tras ser asesinada presuntamente por su pareja sentimental.<\/p>\n\n\n\n<p>Hace tan solo dos a\u00f1os, en el 2018, particip\u00f3 en un documental en el que dej\u00f3 constancia de su amor por la vida y su b\u00fasqueda de la felicidad. Se le ve\u00eda radiante, con una belleza particular y un amplio orgullo de ser una mujer oaxaque\u00f1a.&nbsp;<\/p>\n\n\n\n<p>Ten\u00eda una profunda pasi\u00f3n por la danza, tanta que se dedic\u00f3 a la ense\u00f1anza de dicha disciplina en ni\u00f1as y ni\u00f1os, quienes lejos de cuestionarle su g\u00e9nero le reconoc\u00edan el trabajo que realizaba y la llamaban \u201cmaestra\u201d, lo cual la llenaba de satisfacci\u00f3n.&nbsp;<\/p>\n\n\n\n<p>\u201cMe dedico a la danza, soy maestra de baile. Me encanta, el baile es a lo que siempre me he dedicado, es lo mejor que hago. Me siento muy contenta cuando voy en la calle y uno de mis ni\u00f1os dice mira ah\u00ed va la maestra, porque creo que cuando alguien te dice maestra es porque les ense\u00f1aste algo\u201d, refiri\u00f3 en el documental realizado por Pablo Osorio.&nbsp;<\/p>\n\n\n\n<p>En su trabajo con ni\u00f1as y ni\u00f1os, nunca tuvo problema por su transici\u00f3n de g\u00e9nero mucho menos fue cuestionada al respecto, por el contrario, cuido cada detalle al momento de presentarse como su maestra de danza, mismo cuidado que tuvo con todas las dem\u00e1s personas con las procur\u00f3 siempre el respeto y la tolerancia.&nbsp;<\/p>\n\n\n\n<p>Su transici\u00f3n f\u00edsica fue a partir de los 14 a\u00f1os, sin embargo, desde muy peque\u00f1a sab\u00eda que no se identificaba con el ni\u00f1o que ve\u00eda en el espejo, de ah\u00ed que inici\u00f3 el procedimiento hormonal que, aunque fue dif\u00edcil, dio como resultado que con el paso del tiempo se asumiera como mujer, lo que siempre quiso ser.&nbsp;<\/p>\n\n\n\n<p>Creyente de Dios, tuvo que enfrentar el rechazo de la Iglesia que, aunque no le cerr\u00f3 las puertas, se encarg\u00f3 de dejarle claro que su transici\u00f3n no era bien vista y deb\u00eda reconsiderarla, acci\u00f3n a la que se neg\u00f3 sin perder de vista su vida espiritual ya que para ella su Dios es m\u00e1s justo, amoroso y comprensivo que el de la propia instituci\u00f3n.&nbsp;<\/p>\n\n\n\n<p>Su belleza f\u00edsica la hizo participar en velas istme\u00f1as y cert\u00e1menes de belleza de la comunidad LGBT, los cuales aseguraba sirven para hacer evidentes los cuerpos y sexualidades diversas, demostrar que son parte tambi\u00e9n de la sociedad y merece el respeto que cualquier otra persona.&nbsp;&nbsp;<\/p>\n\n\n\n<p>\u201cHazlo porque no hay repetici\u00f3n para volverlo a hacer, vida solo hay una y esta te toco vivir. Qui\u00e9rela, disfr\u00fatala\u201d, era su consejo ante la vida, misma que lleg\u00f3 a su fin de forma prematura y violenta.<\/p>\n\n\n\n<p>Y es que los sue\u00f1os y aspiraciones de Geovana se desvanecieron el 25 de noviembre que fue reportada como desaparecida. Su b\u00fasqueda se hizo viral en las redes sociales, sin embargo, este martes primero de diciembre se dio a conocer la localizaci\u00f3n de su cuerpo en estado de descomposici\u00f3n.&nbsp;<\/p>\n\n\n\n<p>Las muestras de cari\u00f1o y exigencias de justicia para Geovana no se hicieron esperar, colectivos por la diversidad sexual pidieron a las autoridades esclarecer los hechos y sancionar a los responsables.\u00a0\u00a0<\/p>\n\n\n\n<p>Video:<\/p>\n\n\n\n<figure class=\"wp-block-embed\"><div class=\"wp-block-embed__wrapper\">\n<div class=\"fb-post\" data-href=\"https:\/\/www.facebook.com\/109469957619403\/posts\/143482744218124\/?d=n\" data-width=\"552\" style=\"background-color: #fff; display: inline-block;\"><\/div>\n<\/div><\/figure>\n\n\n\n<p>PIDEN INVESTIGAR COMO FEMINICIDIO<\/p>\n\n\n\n<p>Para el Grupo de Estudios sobre la Mujer \u201cRosario Castellanos\u201d, Geovana, desde su expresi\u00f3n de ser mujer, es una v\u00edctima m\u00e1s de las omisiones y negligencias de la Fiscal\u00eda General del Estado de Oaxaca, ya que fue reportada como desaparecida a la unidad de b\u00fasqueda de personas no localizadas, pero no lograron encontrarla con vida.&nbsp;<\/p>\n\n\n\n<p>Al igual que el 25 por ciento de las 94 mujeres asesinadas de manera violenta en lo que va del a\u00f1o, de quienes sus cuerpos han sido abandonados en lotes bald\u00edos, barrancos, poblados solitarios, caminos de terracer\u00eda, en el basurero, en fosas clandestinas o, como en este caso en una presa, acci\u00f3n que representa una completa deshumanizaci\u00f3n de su cuerpo y por lo tanto debe considerarse transfeminicidio.&nbsp;<\/p>\n\n\n\n<p>\u201cComo GES Mujer manifestamos nuestra indignaci\u00f3n por este crimen de odio y en ese sentido demandamos que sea investigado bajo el protocolo de feminicidio, pues urge que se implementen investigaciones que lleven a la sanci\u00f3n ante asesinatos violentos por orientaci\u00f3n de g\u00e9nero\u201d, refieren.&nbsp;<\/p>\n\n\n\n<p>De acuerdo con el organismo, expresiones discriminatorias, actos de violencia que se materializan en cr\u00edmenes de odio, graves violaciones a los derechos humanos por motivos relacionados a la orientaci\u00f3n sexual, la identidad o expresi\u00f3n de g\u00e9nero de las v\u00edctimas, deben ser erradicadas de la sociedad.&nbsp;<\/p>\n\n\n\n<p>Finalmente, aseguraron que el caso de la joven de 25 a\u00f1os de edad, como el de las 479 mujeres y ni\u00f1as que han sido asesinadas de manera violenta durante la administraci\u00f3n de Alejandro Murat, es una indignante muestra del nivel de violencia machista y la misoginia que persisten en Oaxaca.<\/p>\n\n\n\n<p><\/p>\n","protected":false},"excerpt":{"rendered":"<p>Evlin Arag\u00f3n\/Zona Roja. Oaxaca de Ju\u00e1rez, Oax., 2 de diciembre de 2020.- \u201cSoy una mujer&hellip;<\/p>\n","protected":false},"author":2,"featured_media":20775,"comment_status":"closed","ping_status":"open","sticky":false,"template":"","format":"standard","meta":{"_lmt_disableupdate":"","_lmt_disable":"","_jetpack_memberships_contains_paid_content":false,"footnotes":""},"categories":[47],"tags":[2268],"class_list":["post-20774","post","type-post","status-publish","format-standard","has-post-thumbnail","hentry","category-zona-gris","tag-geovanna-angulo-ramos"],"jetpack_featured_media_url":"https:\/\/zonaroja.com.mx\/wp-content\/uploads\/2020\/12\/Geovanna-Angulo-Ramos.jpg","jetpack_sharing_enabled":true,"_links":{"self":[{"href":"https:\/\/zonaroja.com.mx\/index.php?rest_route=\/wp\/v2\/posts\/20774","targetHints":{"allow":["GET"]}}],"collection":[{"href":"https:\/\/zonaroja.com.mx\/index.php?rest_route=\/wp\/v2\/posts"}],"about":[{"href":"https:\/\/zonaroja.com.mx\/index.php?rest_route=\/wp\/v2\/types\/post"}],"author":[{"embeddable":true,"href":"https:\/\/zonaroja.com.mx\/index.php?rest_route=\/wp\/v2\/users\/2"}],"replies":[{"embeddable":true,"href":"https:\/\/zonaroja.com.mx\/index.php?rest_route=%2Fwp%2Fv2%2Fcomments&post=20774"}],"version-history":[{"count":1,"href":"https:\/\/zonaroja.com.mx\/index.php?rest_route=\/wp\/v2\/posts\/20774\/revisions"}],"predecessor-version":[{"id":20776,"href":"https:\/\/zonaroja.com.mx\/index.php?rest_route=\/wp\/v2\/posts\/20774\/revisions\/20776"}],"wp:featuredmedia":[{"embeddable":true,"href":"https:\/\/zonaroja.com.mx\/index.php?rest_route=\/wp\/v2\/media\/20775"}],"wp:attachment":[{"href":"https:\/\/zonaroja.com.mx\/index.php?rest_route=%2Fwp%2Fv2%2Fmedia&parent=20774"}],"wp:term":[{"taxonomy":"category","embeddable":true,"href":"https:\/\/zonaroja.com.mx\/index.php?rest_route=%2Fwp%2Fv2%2Fcategories&post=20774"},{"taxonomy":"post_tag","embeddable":true,"href":"https:\/\/zonaroja.com.mx\/index.php?rest_route=%2Fwp%2Fv2%2Ftags&post=20774"}],"curies":[{"name":"wp","href":"https:\/\/api.w.org\/{rel}","templated":true}]}}