{"id":20785,"date":"2020-12-02T13:59:59","date_gmt":"2020-12-02T19:59:59","guid":{"rendered":"https:\/\/www.zonaroja.com.mx\/?p=20785"},"modified":"2020-12-02T14:00:02","modified_gmt":"2020-12-02T20:00:02","slug":"decretan-receso-en-sesion-del-congreso-de-oaxaca-a-falta-de-acuerdos","status":"publish","type":"post","link":"https:\/\/zonaroja.com.mx\/?p=20785","title":{"rendered":"Decretan receso en sesi\u00f3n del Congreso de Oaxaca, a falta de acuerdos"},"content":{"rendered":"\n<p class=\"MsoNormal\">Yuridiana Sosa\/Zona Roja. <\/p>\n\n\n\n<p class=\"MsoNormal\">Oaxaca de Ju\u00e1rez, Oax., 2 de diciembre de 2020.-  La 64 Legislatura del Congreso de Oaxaca sigue sin lograr acuerdos sobre la renovaci\u00f3n de la Mesa Directiva. La indecisi\u00f3n fue motivo hoy para decretar un receso de la sesi\u00f3n ordinaria, que apenas dur\u00f3 unos minutos y que hab\u00eda iniciado tarde.<\/p>\n\n\n\n<p class=\"MsoNormal\">La asamblea de <a href=\"\/\/1\">este mi\u00e9rcoles<\/a> comenz\u00f3 despu\u00e9s de una hora y media de lo programado, pero apenas avanzaba la reuni\u00f3n del pleno, cuando el actual presidente de la Mesa Directiva, Jorge Villaca\u00f1a Jim\u00e9nez, declar\u00f3 una pausa.<\/p>\n\n\n\n<p class=\"MsoNormal\">Desde el pasado 15 de noviembre, en el marco del inicio del tercer a\u00f1o de trabajo legislativo, La Junta de Coordinaci\u00f3n Pol\u00edtica del Congreso del Estado debi\u00f3 nombrar a los nuevos integrantes de la Mesa. A m\u00e1s de dos semanas, los diputados no concilian en la decisi\u00f3n.<\/p>\n\n\n\n<p class=\"MsoNormal\">Sin embargo, presuntamente, existe un acuerdo previo para que el diputado del Partido del Trabajo, C\u00e9sar Morales Ni\u00f1o, presidiera la Mesa Directiva, pero ahora algunos diputados se oponen.<\/p>\n\n\n\n<p class=\"MsoNormal\">PROTESTA POR FEMINICIDIO<\/p>\n\n\n\n<p class=\"MsoNormal\">Con cartulinas con mensajes \u201cBasta nos est\u00e1n matando\u201d y al grito de \u201c\u00a1Ni una menos!\u201d, diputados de los diferentes partidos, realizaron una protesta pac\u00edfica dentro del recinto de sesiones para exigir a la Fiscal\u00eda General de Oaxaca y otras autoridades estatales ejercer justicia y acciones por los feminicidios.<\/p>\n\n\n\n<p class=\"MsoNormal\">Tras declararse el receso, las y los diputados, encabezados por la diputada de Morena Hilda P\u00e9rezLuis, se organizaron para alzar la voz de inconformidad por este tema ante las c\u00e1maras de los medios de comunicaci\u00f3n.<\/p>\n\n\n\n<p class=\"MsoNormal\">En sesiones anteriores, los legisladores tambi\u00e9n han emitido posicionamientos respecto a la violencia femenicida y violencia de g\u00e9nero en Oaxaca; para frenar y sancionarla han realizado reformas al C\u00f3digo Penal del Estado, pero no basta porque las autoridades no la aplican, se\u00f1alaron en su momento.<\/p>\n\n\n\n<p>Por otra parte, desde las 11:00 horas, un grupo de pobladores de San Isidro Alo\u00e1pam bloquea los accesos a la sede del Poder Legislativo, en demanda de mediaci\u00f3n, a fin de que los diputados exijan al edil de San Miguel Alo\u00e1pam les entregue las participaciones municipales. <\/p>\n","protected":false},"excerpt":{"rendered":"<p>Yuridiana Sosa\/Zona Roja. Oaxaca de Ju\u00e1rez, Oax., 2 de diciembre de 2020.- La 64 Legislatura&hellip;<\/p>\n","protected":false},"author":2,"featured_media":20784,"comment_status":"closed","ping_status":"open","sticky":false,"template":"","format":"standard","meta":{"_lmt_disableupdate":"","_lmt_disable":"","_jetpack_memberships_contains_paid_content":false,"footnotes":""},"categories":[109,47],"tags":[213],"class_list":["post-20785","post","type-post","status-publish","format-standard","has-post-thumbnail","hentry","category-minuto-a-minuto","category-zona-gris","tag-64-legislatura-de-oaxaca"],"jetpack_featured_media_url":"https:\/\/zonaroja.com.mx\/wp-content\/uploads\/2020\/12\/002a6fab-f2e0-48bf-9078-e38bbc7a4d86.jpg","jetpack_sharing_enabled":true,"_links":{"self":[{"href":"https:\/\/zonaroja.com.mx\/index.php?rest_route=\/wp\/v2\/posts\/20785","targetHints":{"allow":["GET"]}}],"collection":[{"href":"https:\/\/zonaroja.com.mx\/index.php?rest_route=\/wp\/v2\/posts"}],"about":[{"href":"https:\/\/zonaroja.com.mx\/index.php?rest_route=\/wp\/v2\/types\/post"}],"author":[{"embeddable":true,"href":"https:\/\/zonaroja.com.mx\/index.php?rest_route=\/wp\/v2\/users\/2"}],"replies":[{"embeddable":true,"href":"https:\/\/zonaroja.com.mx\/index.php?rest_route=%2Fwp%2Fv2%2Fcomments&post=20785"}],"version-history":[{"count":1,"href":"https:\/\/zonaroja.com.mx\/index.php?rest_route=\/wp\/v2\/posts\/20785\/revisions"}],"predecessor-version":[{"id":20786,"href":"https:\/\/zonaroja.com.mx\/index.php?rest_route=\/wp\/v2\/posts\/20785\/revisions\/20786"}],"wp:featuredmedia":[{"embeddable":true,"href":"https:\/\/zonaroja.com.mx\/index.php?rest_route=\/wp\/v2\/media\/20784"}],"wp:attachment":[{"href":"https:\/\/zonaroja.com.mx\/index.php?rest_route=%2Fwp%2Fv2%2Fmedia&parent=20785"}],"wp:term":[{"taxonomy":"category","embeddable":true,"href":"https:\/\/zonaroja.com.mx\/index.php?rest_route=%2Fwp%2Fv2%2Fcategories&post=20785"},{"taxonomy":"post_tag","embeddable":true,"href":"https:\/\/zonaroja.com.mx\/index.php?rest_route=%2Fwp%2Fv2%2Ftags&post=20785"}],"curies":[{"name":"wp","href":"https:\/\/api.w.org\/{rel}","templated":true}]}}