{"id":20790,"date":"2020-12-02T15:56:22","date_gmt":"2020-12-02T21:56:22","guid":{"rendered":"https:\/\/www.zonaroja.com.mx\/?p=20790"},"modified":"2020-12-02T15:56:25","modified_gmt":"2020-12-02T21:56:25","slug":"padres-denuncian-negligencia-del-imss-en-oaxaca-por-muerte-de-bebe-con-falso-diagnostico-de-covid","status":"publish","type":"post","link":"https:\/\/zonaroja.com.mx\/?p=20790","title":{"rendered":"Padres denuncian negligencia del IMSS en Oaxaca, por muerte de beb\u00e9 con falso diagn\u00f3stico de Covid"},"content":{"rendered":"\n<p class=\"MsoNormal\">Yuridiana Sosa\/Zona Roja. <\/p>\n\n\n\n<p class=\"MsoNormal\">Oaxaca de Ju\u00e1rez, Oax., 2 de diciembre de 2020.- Padres de un beb\u00e9 denunciaron una presunta negligencia m\u00e9dica por parte del Hospital Zona 1 del IMSS en la capital de Oaxaca, ante el fallecimiento de su hijo de un mes de edad, declarado como paciente Covid-19, tras su traslado sin autorizaci\u00f3n del \u00e1rea UCIN a Covid.<\/p>\n\n\n\n<p class=\"MsoNormal\">En conferencia de prensa, dieron a conocer que su beb\u00e9 se encontraba internado en la Unidad de Cuidados Intensivos Neonatales (UCIN) por complicaciones de una cirug\u00eda por padecer atresia esof\u00e1gica, sin embargo, tras una supuesta prueba positiva de Covid, el menor fue llevado al \u00e1rea Covid-19, donde perdi\u00f3 la vida la madrugada de <a href=\"\/\/1\">este mi\u00e9rcoles<\/a>, luego de una semana de hospitalizaci\u00f3n.<\/p>\n\n\n\n<p class=\"MsoNormal\">El cambio de \u00e1rea no fue autorizado por los padres, quienes adem\u00e1s, solicitaron a los m\u00e9dicos esperar los resultados que tambi\u00e9n realizaron por parte de un laboratorio privado de la ciudad, el cual dio negativo, se\u00f1alaron los pap\u00e1s con documentos en mano.<\/p>\n\n\n\n<p class=\"MsoNormal\">El se\u00f1or Jo\u00e9l Ruiz Ram\u00edrez y la se\u00f1ora Karla Guti\u00e9rrez exigen justicia por la muerte de su hijo de un mes de nacido, pues ellos suplicaron por la salud de su beb\u00e9 y ahora ni siquiera pueden despedirse de sus restos.<\/p>\n\n\n\n<p class=\"MsoNormal\">Entre el llanto, la madre expres\u00f3 su impotencia por la situaci\u00f3n de salud en la que se encontraba su beb\u00e9, a quien no pudo volver a ver desde el pasado 26 de noviembre.<\/p>\n\n\n\n<p class=\"MsoNormal\">Los afectados agregaron que su hijo, nacido el 1 de noviembre, con siete meses de gestaci\u00f3n, falleci\u00f3 <a href=\"\/\/4\">a las 5:00<\/a> horas de acuerdo al acta de defunci\u00f3n entregada, pero les informaron del hecho hasta <a href=\"\/\/5\">las 8:00<\/a> horas.<\/p>\n\n\n\n<p class=\"MsoNormal\">Jo\u00e9l y Karla piden la intervenci\u00f3n de las autoridades correspondientes, pues temen tambi\u00e9n por la salud y la vida de otros ni\u00f1os internados en el \u00e1rea UCIN.<\/p>\n","protected":false},"excerpt":{"rendered":"<p>Yuridiana Sosa\/Zona Roja. Oaxaca de Ju\u00e1rez, Oax., 2 de diciembre de 2020.- Padres de un&hellip;<\/p>\n","protected":false},"author":2,"featured_media":20789,"comment_status":"closed","ping_status":"open","sticky":false,"template":"","format":"standard","meta":{"_lmt_disableupdate":"","_lmt_disable":"","_jetpack_memberships_contains_paid_content":false,"footnotes":""},"categories":[109,47],"tags":[],"class_list":["post-20790","post","type-post","status-publish","format-standard","has-post-thumbnail","hentry","category-minuto-a-minuto","category-zona-gris"],"jetpack_featured_media_url":"https:\/\/zonaroja.com.mx\/wp-content\/uploads\/2020\/12\/c22bfcf6-7a65-4ac9-9797-15e818a67f89.jpg","jetpack_sharing_enabled":true,"_links":{"self":[{"href":"https:\/\/zonaroja.com.mx\/index.php?rest_route=\/wp\/v2\/posts\/20790","targetHints":{"allow":["GET"]}}],"collection":[{"href":"https:\/\/zonaroja.com.mx\/index.php?rest_route=\/wp\/v2\/posts"}],"about":[{"href":"https:\/\/zonaroja.com.mx\/index.php?rest_route=\/wp\/v2\/types\/post"}],"author":[{"embeddable":true,"href":"https:\/\/zonaroja.com.mx\/index.php?rest_route=\/wp\/v2\/users\/2"}],"replies":[{"embeddable":true,"href":"https:\/\/zonaroja.com.mx\/index.php?rest_route=%2Fwp%2Fv2%2Fcomments&post=20790"}],"version-history":[{"count":1,"href":"https:\/\/zonaroja.com.mx\/index.php?rest_route=\/wp\/v2\/posts\/20790\/revisions"}],"predecessor-version":[{"id":20791,"href":"https:\/\/zonaroja.com.mx\/index.php?rest_route=\/wp\/v2\/posts\/20790\/revisions\/20791"}],"wp:featuredmedia":[{"embeddable":true,"href":"https:\/\/zonaroja.com.mx\/index.php?rest_route=\/wp\/v2\/media\/20789"}],"wp:attachment":[{"href":"https:\/\/zonaroja.com.mx\/index.php?rest_route=%2Fwp%2Fv2%2Fmedia&parent=20790"}],"wp:term":[{"taxonomy":"category","embeddable":true,"href":"https:\/\/zonaroja.com.mx\/index.php?rest_route=%2Fwp%2Fv2%2Fcategories&post=20790"},{"taxonomy":"post_tag","embeddable":true,"href":"https:\/\/zonaroja.com.mx\/index.php?rest_route=%2Fwp%2Fv2%2Ftags&post=20790"}],"curies":[{"name":"wp","href":"https:\/\/api.w.org\/{rel}","templated":true}]}}