{"id":20792,"date":"2020-12-02T17:06:16","date_gmt":"2020-12-02T23:06:16","guid":{"rendered":"https:\/\/www.zonaroja.com.mx\/?p=20792"},"modified":"2020-12-02T17:06:19","modified_gmt":"2020-12-02T23:06:19","slug":"suman-30-de-meses-de-impunidad-en-caso-de-fotoperiodista-maria-del-sol","status":"publish","type":"post","link":"https:\/\/zonaroja.com.mx\/?p=20792","title":{"rendered":"Suman 30 de meses de impunidad en caso de fotoperiodista Mar\u00eda del Sol"},"content":{"rendered":"\n<p class=\"MsoNormal\">Evlin Arag\u00f3n\/Zona Roja.<\/p>\n\n\n\n<p class=\"MsoNormal\">Oaxaca de Ju\u00e1rez, Oax., 2 de diciembre de 2020.- \u201cHace 30 meses se nos quebr\u00f3 el alma. Seguimos lamentando tu ausencia f\u00edsica, nos falta tu alegr\u00eda, tu vida entusiasmada\u201d.<\/p>\n\n\n\n<p class=\"MsoNormal\">Son las palabras que esta ma\u00f1ana le dedica la periodista oaxaque\u00f1a Soledad Jarqu\u00edn Edgar a la menor de sus hijas, Mar\u00eda del Sol, asesinada el 2 de junio del 2018. <\/p>\n\n\n\n<p class=\"MsoNormal\">Y es que <a href=\"\/\/1\">este mi\u00e9rcoles<\/a> se cumplen 30 meses del feminicidio de la fotoperiodista ocurrido en un contexto electoral, como el que reci\u00e9n inicio en la entidad oaxaque\u00f1a, sin que las autoridades estatales respondan a la exigencia de justicia que realiza la familia de la joven.  <\/p>\n\n\n\n<p class=\"MsoNormal\">Por el contrario, las autoridades de procuraci\u00f3n de justicia se han convertido en parte de los victimarios por omisi\u00f3n y complicidad, remarc\u00f3 la reconocida periodista en un comunicado en el que evidencia que el fiscal general de Oaxaca, Rub\u00e9n Vasconcelos M\u00e9ndez; el vicefiscal de Istmo, Jos\u00e9 Mathus Cruz; y la fiscal especializada en Delitos Electoral, Esther Araceli Pinelo L\u00f3pez, siguen sin dar resultados en las investigaciones.  <\/p>\n\n\n\n<p class=\"MsoNormal\">De acuerdo con lo expuesto, la falta de una investigaci\u00f3n real y efectiva no permiten conocer qui\u00e9nes le arrebataron la vida a ella y a la candidata a concejala Pamela Itzamaray Ter\u00e1n Pineda y Adelfo Jim\u00e9nez Guerra; tampoco hay castigo para los hermanos Francisco y Hageo Montero L\u00f3pez, quienes violentaron la ley electoral y enviaron a Mar\u00eda del Sol a realizar un trabajo que no le correspond\u00eda en las campa\u00f1as electorales del PRI en Juchit\u00e1n. <\/p>\n\n\n\n<p class=\"MsoNormal\">\u201cA Mar\u00eda del Sol Cruz Jarqu\u00edn le arrebataron la vida, su feminicidio no ha sido ni siquiera reconocido por la Fiscal\u00eda de Oaxaca que omite la normatividad internacional y nacional y, por si algo faltara, una resoluci\u00f3n dada por el Tribunal Superior de Justicia del Estado que le hace ver los errores en los que incurri\u00f3 el personal de la dependencia desde el principio de sus actuaciones\u201d, refiere.&nbsp;&nbsp;<\/p>\n\n\n\n<p class=\"MsoNormal\">Para nadie es nueva la denuncia que, en este caso, la Fiscal\u00eda de Oaxaca ha tenido una desafortunada participaci\u00f3n desde el inicio de las investigaciones, ya que, pese a la normatividad nacional e internacional, el fiscal Rub\u00e9n Vasconcelos se ha negado a reconocer que se trata de un feminicidio, contribuyendo en un clima constante de violencia institucional a la que se ha enfrentado la familia. <\/p>\n\n\n\n<p class=\"MsoNormal\">Lo anterior, de acuerdo con Jarqu\u00edn Edgar, responde a una violencia institucional que quebranta el alma de quienes exigen justicia, misma que rechazan y saben que es producto de una falla del Estado mexicano, una cadena de acciones que se tejieron por la ambici\u00f3n de poder de unos cuantos, y que se sigue construyendo con el silencio de quienes, obligados en dar luz en el camino de la verdad, optan por ocultarla.   <\/p>\n\n\n\n<p class=\"MsoNormal\">A 30 meses de la ausencia de Mar\u00eda de Sol, \u00fanicamente la sociedad civil ha respondido, decenas y cientos de mujeres se unen de manera constante al llamado de justicia que hace la madre de la joven, de ah\u00ed que exista un agradecimiento p\u00fablico por parte de la familia a quienes desde sus diferentes espacios y al igual que ellas no se cansan de exigir #JusticiaParaSol. <\/p>\n\n\n\n<p class=\"MsoNormal\">\u201cSon 30 meses desde que algo se rompi\u00f3 hacia adentro, ah\u00ed donde nadie puede mirar y todo sucede, todo pasa; los recuerdos de tu vida, el verte crecer cada d\u00eda, el vuelo de cualquier tarde, las cosas que pasan en la vida com\u00fan pero que se aman, la memoria de tu existencia sigue intacta pese al dolor que comprime el coraz\u00f3n, que le rompe los huesos al alma. Mar\u00eda del Sol: tu memoria sigue intacta\u201d refiere la madre. <\/p>\n","protected":false},"excerpt":{"rendered":"<p>Evlin Arag\u00f3n\/Zona Roja. Oaxaca de Ju\u00e1rez, Oax., 2 de diciembre de 2020.- \u201cHace 30 meses&hellip;<\/p>\n","protected":false},"author":2,"featured_media":9498,"comment_status":"closed","ping_status":"open","sticky":false,"template":"","format":"standard","meta":{"_lmt_disableupdate":"","_lmt_disable":"","_jetpack_memberships_contains_paid_content":false,"footnotes":""},"categories":[109,47],"tags":[],"class_list":["post-20792","post","type-post","status-publish","format-standard","has-post-thumbnail","hentry","category-minuto-a-minuto","category-zona-gris"],"jetpack_featured_media_url":"https:\/\/zonaroja.com.mx\/wp-content\/uploads\/2020\/03\/Justicia-para-Sol-1.png","jetpack_sharing_enabled":true,"_links":{"self":[{"href":"https:\/\/zonaroja.com.mx\/index.php?rest_route=\/wp\/v2\/posts\/20792","targetHints":{"allow":["GET"]}}],"collection":[{"href":"https:\/\/zonaroja.com.mx\/index.php?rest_route=\/wp\/v2\/posts"}],"about":[{"href":"https:\/\/zonaroja.com.mx\/index.php?rest_route=\/wp\/v2\/types\/post"}],"author":[{"embeddable":true,"href":"https:\/\/zonaroja.com.mx\/index.php?rest_route=\/wp\/v2\/users\/2"}],"replies":[{"embeddable":true,"href":"https:\/\/zonaroja.com.mx\/index.php?rest_route=%2Fwp%2Fv2%2Fcomments&post=20792"}],"version-history":[{"count":1,"href":"https:\/\/zonaroja.com.mx\/index.php?rest_route=\/wp\/v2\/posts\/20792\/revisions"}],"predecessor-version":[{"id":20793,"href":"https:\/\/zonaroja.com.mx\/index.php?rest_route=\/wp\/v2\/posts\/20792\/revisions\/20793"}],"wp:featuredmedia":[{"embeddable":true,"href":"https:\/\/zonaroja.com.mx\/index.php?rest_route=\/wp\/v2\/media\/9498"}],"wp:attachment":[{"href":"https:\/\/zonaroja.com.mx\/index.php?rest_route=%2Fwp%2Fv2%2Fmedia&parent=20792"}],"wp:term":[{"taxonomy":"category","embeddable":true,"href":"https:\/\/zonaroja.com.mx\/index.php?rest_route=%2Fwp%2Fv2%2Fcategories&post=20792"},{"taxonomy":"post_tag","embeddable":true,"href":"https:\/\/zonaroja.com.mx\/index.php?rest_route=%2Fwp%2Fv2%2Ftags&post=20792"}],"curies":[{"name":"wp","href":"https:\/\/api.w.org\/{rel}","templated":true}]}}