{"id":20795,"date":"2020-12-02T18:15:08","date_gmt":"2020-12-03T00:15:08","guid":{"rendered":"https:\/\/www.zonaroja.com.mx\/?p=20795"},"modified":"2020-12-02T18:15:11","modified_gmt":"2020-12-03T00:15:11","slug":"tres-premios-en-un-ano-reconoce-el-mundo-al-oaxaqueno-dario-castillejos","status":"publish","type":"post","link":"https:\/\/zonaroja.com.mx\/?p=20795","title":{"rendered":"\u00a1Tres premios en un a\u00f1o!; reconoce el mundo al oaxaque\u00f1o Dar\u00edo Castillejos"},"content":{"rendered":"\n<p class=\"MsoNormal\">Evlin Arag\u00f3n\/Zona Roja. <\/p>\n\n\n\n<p class=\"MsoNormal\">Oaxaca de Ju\u00e1rez, Oax., 2 de diciembre de 2020.- De nueva cuenta y por tercera ocasi\u00f3n en este 2020, el caricaturista oaxaque\u00f1o Dar\u00edo Castillejos fue reconocido con un premio internacional, esta vez desde Colombia, en el Festival Internacional de Caricatura \u201cRicardo Rend\u00f3n\u201d, tal y como lo dio a conocer a trav\u00e9s de sus redes sociales. <\/p>\n\n\n\n<p class=\"MsoNormal\">\u201cCon gran alegr\u00eda he recibido la noticia de haber recibido uno de los premios en el Festival Internacional de Caricatura \u2018Ricardo Rend\u00f3n\u2019 2020 en Colombia. Felicito a todos y cada uno de los ganadores y a los participantes\u201d. <\/p>\n\n\n\n<p class=\"MsoNormal\">Se trata del cuarto lugar, mismo que recibe un premio en efectivo, en un certamen que estuvo dedicado este a\u00f1o \u2013 en su edici\u00f3n n\u00famero 27- a los aprendizajes que ha dejado la pandemia por Covid-19 en el mundo entero.&nbsp;<\/p>\n\n\n\n<p class=\"MsoNormal\">De ah\u00ed que la caricatura premiada del oaxaque\u00f1o presenta una mezcla entre la pandemia y el da\u00f1o al medio ambiente.&nbsp;<\/p>\n\n\n\n<p class=\"MsoNormal\">El festival colombiano tiene ya 27 a\u00f1os de existencia en homenaje a Ricardo Rend\u00f3n, es un certamen \u00fanico en la historia del pa\u00eds por su trayectoria y continuidad; ha permitido mirar la percepci\u00f3n de autores de m\u00e1s de 92 pa\u00edses, protagonistas de los cambios y vivencias de los pueblos, que con el mismo humor aportan al crecimiento de la humanidad.&nbsp;<\/p>\n\n\n\n<p class=\"MsoNormal\">Este premio se convierte en el tercero recibido por el oaxaque\u00f1o durante este a\u00f1o.<\/p>\n\n\n\n<p class=\"MsoNormal\">A inicios del mes de noviembre, su trabajo titulado \u201cCambio de hueso\u201d lo hizo acreedor del primer premio \u201cGolden Prize\u201d en el certamen HumoDeva en Rumania, en el que participaron 5 mil 480 caricaturistas.&nbsp;<\/p>\n\n\n\n<p class=\"MsoNormal\">Con lo anterior se convirti\u00f3 en el \u00fanico mexicano premiado en este concurso que recibi\u00f3 obras de todas partes del mundo, haci\u00e9ndose acreedor al premio Oro, diploma especial de honor, galer\u00eda personal en&nbsp;<a href=\"http:\/\/BestCARTOONS.net\">BestCARTOONS.net<\/a>, adem\u00e1s del respectivo est\u00edmulo econ\u00f3mico.&nbsp;&nbsp;&nbsp;<\/p>\n\n\n\n<p class=\"MsoNormal\">Previamente, a mediados del mes de septiembre, recibi\u00f3 el segundo lugar del premio World Press Cartoon 2020, en un evento efectuado en Portugal, por una caricatura dedicada al presidente de Brasil Jair Bolsonaro, publicada en el diario espa\u00f1ol Mundiario.&nbsp;<\/p>\n\n\n\n<p class=\"MsoNormal\">Este premio es uno de los m\u00e1s importante en el mundo del humor gr\u00e1fico en los campos de la editorial, la caricatura y la caricatura humor\u00edstica, creado en 2004, el cual integra tres categor\u00edas: caricatura editorial, caricatura y dise\u00f1o humor\u00edstico.<br><br>Actualmente, Dar\u00edo Castillejos es presidente de Cartonclub; caricaturista de \u201cEl Imparcial\u201d de Oaxaca, Foreign affairs y \u201cEl Chamuco\u201d y a ganado el Premio Nacional de Periodismo en el 2012, 2014, 2015 y 2018.  <\/p>\n\n\n\n<figure class=\"wp-block-image\"><img decoding=\"async\" src=\"null\/e0e6b61c-36d0-4dea-94ee-99f47a4ec742\" alt=\"\" title=\"null\" \/><\/figure>\n\n\n\n<figure class=\"wp-block-image\"><img decoding=\"async\" src=\"null\/5e7eb1ab-198c-4f8e-a183-eafaeeca4710\" alt=\"\" title=\"null\" \/><\/figure>\n\n\n\n<figure class=\"wp-block-image\"><img decoding=\"async\" src=\"null\/c934c4eb-164b-4b3d-93a1-cc8102d02c73\" alt=\"\" title=\"null\" \/><\/figure>\n","protected":false},"excerpt":{"rendered":"<p>Evlin Arag\u00f3n\/Zona Roja. Oaxaca de Ju\u00e1rez, Oax., 2 de diciembre de 2020.- De nueva cuenta&hellip;<\/p>\n","protected":false},"author":2,"featured_media":20794,"comment_status":"closed","ping_status":"open","sticky":false,"template":"","format":"standard","meta":{"_lmt_disableupdate":"","_lmt_disable":"","_jetpack_memberships_contains_paid_content":false,"footnotes":""},"categories":[109,46],"tags":[2185],"class_list":["post-20795","post","type-post","status-publish","format-standard","has-post-thumbnail","hentry","category-minuto-a-minuto","category-zona-blanca","tag-caricaturista-dario-castillejos"],"jetpack_featured_media_url":"https:\/\/zonaroja.com.mx\/wp-content\/uploads\/2020\/12\/img_9903.jpg","jetpack_sharing_enabled":true,"_links":{"self":[{"href":"https:\/\/zonaroja.com.mx\/index.php?rest_route=\/wp\/v2\/posts\/20795","targetHints":{"allow":["GET"]}}],"collection":[{"href":"https:\/\/zonaroja.com.mx\/index.php?rest_route=\/wp\/v2\/posts"}],"about":[{"href":"https:\/\/zonaroja.com.mx\/index.php?rest_route=\/wp\/v2\/types\/post"}],"author":[{"embeddable":true,"href":"https:\/\/zonaroja.com.mx\/index.php?rest_route=\/wp\/v2\/users\/2"}],"replies":[{"embeddable":true,"href":"https:\/\/zonaroja.com.mx\/index.php?rest_route=%2Fwp%2Fv2%2Fcomments&post=20795"}],"version-history":[{"count":1,"href":"https:\/\/zonaroja.com.mx\/index.php?rest_route=\/wp\/v2\/posts\/20795\/revisions"}],"predecessor-version":[{"id":20796,"href":"https:\/\/zonaroja.com.mx\/index.php?rest_route=\/wp\/v2\/posts\/20795\/revisions\/20796"}],"wp:featuredmedia":[{"embeddable":true,"href":"https:\/\/zonaroja.com.mx\/index.php?rest_route=\/wp\/v2\/media\/20794"}],"wp:attachment":[{"href":"https:\/\/zonaroja.com.mx\/index.php?rest_route=%2Fwp%2Fv2%2Fmedia&parent=20795"}],"wp:term":[{"taxonomy":"category","embeddable":true,"href":"https:\/\/zonaroja.com.mx\/index.php?rest_route=%2Fwp%2Fv2%2Fcategories&post=20795"},{"taxonomy":"post_tag","embeddable":true,"href":"https:\/\/zonaroja.com.mx\/index.php?rest_route=%2Fwp%2Fv2%2Ftags&post=20795"}],"curies":[{"name":"wp","href":"https:\/\/api.w.org\/{rel}","templated":true}]}}