{"id":20800,"date":"2020-12-02T21:03:04","date_gmt":"2020-12-03T03:03:04","guid":{"rendered":"http:\/\/www.zonaroja.com.mx\/?p=20800"},"modified":"2020-12-02T21:03:09","modified_gmt":"2020-12-03T03:03:09","slug":"reta-gobierno-al-covid-y-coloca-estructura-navidena-ayuntamiento-niega-permiso","status":"publish","type":"post","link":"https:\/\/zonaroja.com.mx\/?p=20800","title":{"rendered":"Reta gobierno al Covid y coloca estructura navide\u00f1a; ayuntamiento niega permiso"},"content":{"rendered":"\n<p>Ismael Garc\u00eda M.\/Zona Roja.<\/p>\n\n\n\n<p>Oaxaca de Ju\u00e1rez, Oax., 2 de diciembre de 2020.- Pese que la capital registra el m\u00e1s alto n\u00famero de contagios por Covid, el gobierno de Oaxaca prepara un megaespect\u00e1culo navide\u00f1o para propios y turistas en el Centro Hist\u00f3rico de la ciudad.<\/p>\n\n\n\n<p>A trav\u00e9s de la Secretar\u00eda de Turismo, que encabeza Juan Carlos Rivera, fue contratada una empresa, presuntamente de la Ciudad de M\u00e9xico, para colocar una enorme estructura met\u00e1lica a lo largo del Andador Tur\u00edstico, calle Macedonio Alcal\u00e1.<\/p>\n\n\n\n<p>Ello ser\u00eda para un macrot\u00fanel navide\u00f1o, que podr\u00e1n disfrutar oaxaque\u00f1os y visitantes durante la temporada decembrina; los trabajos incluyen un \u00e1rbol navide\u00f1o en la Alameda de Le\u00f3n.<\/p>\n\n\n\n<p>Hasta el momento el gobierno de Alejandro Murat no se ha deslindado de la actividad ni ha detallado monto del contrato y nombre de la empresa beneficiada.<\/p>\n\n\n\n<p>\u00danicamente a trav\u00e9s de redes sociales se ha dado a conocer &#8211;sin confirmar o rechazar por parte de los se\u00f1alados&#8211; que la compa\u00f1\u00eda se llama \u201cIluminaria\u201d, a nombre de Enrique Fern\u00e1ndez.<\/p>\n\n\n\n<figure class=\"wp-block-embed-twitter wp-block-embed is-type-rich is-provider-twitter\"><div class=\"wp-block-embed__wrapper\">\n<div class=\"twitter-tweet\"><blockquote class=\"twitter-tweet\" data-lang=\"es\"><p lang=\"es\" dir=\"ltr\"><a href=\"https:\/\/twitter.com\/hashtag\/OaxacaGris?src=hash&amp;ref_src=twsrc%5Etfw\">#OaxacaGris<\/a><br>Pese a altos contagios por Covid-19, el <a href=\"https:\/\/twitter.com\/GobOax?ref_src=twsrc%5Etfw\">@GobOax<\/a>, a trav\u00e9s de <a href=\"https:\/\/twitter.com\/SECTUR_GobOax?ref_src=twsrc%5Etfw\">@SECTUR_GobOax<\/a> que preside <a href=\"https:\/\/twitter.com\/JuanCRiveraC?ref_src=twsrc%5Etfw\">@JuanCRiveraC<\/a>, coloca infraestructura en Centro Hist\u00f3rico para magna fiesta navide\u00f1a; el <a href=\"https:\/\/twitter.com\/MunicipioOaxaca?ref_src=twsrc%5Etfw\">@MunicipioOaxaca<\/a> no dio permiso. Gobernador <a href=\"https:\/\/twitter.com\/alejandromurat?ref_src=twsrc%5Etfw\">@alejandromurat<\/a> contrat\u00f3 empresa for\u00e1nea. <a href=\"https:\/\/t.co\/Qj1A0JSals\">pic.twitter.com\/Qj1A0JSals<\/a><\/p>&mdash; Zona Roja Oaxaca (@MexRoja) <a href=\"https:\/\/twitter.com\/MexRoja\/status\/1334302252845023235?ref_src=twsrc%5Etfw\">3 de diciembre de 2020<\/a><\/blockquote><\/div>\n<\/div><\/figure>\n\n\n\n<p>NO HAY PERMISO<\/p>\n\n\n\n<p>Por su parte, el Cabildo de Oaxaca de Ju\u00e1rez, en sesi\u00f3n virtual, determin\u00f3 no autorizar ninguna actividad p\u00fablica durante el mes de diciembre.<\/p>\n\n\n\n<p>\u201cDurante la sesi\u00f3n se estipul\u00f3 que esta medida es aplicable para eventos como: calendas, procesiones, recorridos, concursos, proyecciones, presentaciones art\u00edsticas y culturales, exposiciones, muestras gastron\u00f3micas, rodadas tem\u00e1ticas y, en general, todos aquellos que representen y constituyan actos que vulneren el derecho a la protecci\u00f3n de la salud.<\/p>\n\n\n\n<p>\u201cAdem\u00e1s, contempla la suspensi\u00f3n de permisos para la instalaci\u00f3n de verbenas, festividades, tianguis de temporada con motivo de la \u00e9poca decembrina y, en general, toda actividad comercial que se realice en v\u00eda p\u00fablica, as\u00ed como todas aquellas actividades en la v\u00eda p\u00fablica que no requieran autorizaci\u00f3n o permiso, pero que su realizaci\u00f3n genere la aglomeraci\u00f3n de personas y que pongan en riesgo la salud p\u00fablica dada la contingencia.<\/p>\n\n\n\n<p>\u201cPara estos efectos se instruye a las direcciones de Gobierno, de Seguridad P\u00fablica, Vialidad y Protecci\u00f3n Ciudadana, de Servicios Municipales, as\u00ed como a la Coordinaci\u00f3n Ejecutiva del Mercado de Abastos, realizar las acciones necesarias de acuerdo al \u00e1mbito de sus atribuciones para dar cabal cumplimiento a lo mandatado\u201d, detalla un comunicado de prensa del gobierno municipal.<\/p>\n\n\n\n<p>De acuerdo con datos p\u00fablicos que difunde el ayuntamiento, a este 2 de diciembre, registra siete mil cinco casos positivos de Covid-19 y 387 defunciones.<\/p>\n","protected":false},"excerpt":{"rendered":"<p>Ismael Garc\u00eda M.\/Zona Roja. Oaxaca de Ju\u00e1rez, Oax., 2 de diciembre de 2020.- Pese que&hellip;<\/p>\n","protected":false},"author":2,"featured_media":20801,"comment_status":"closed","ping_status":"open","sticky":false,"template":"","format":"standard","meta":{"_lmt_disableupdate":"","_lmt_disable":"","_jetpack_memberships_contains_paid_content":false,"footnotes":""},"categories":[109,47],"tags":[148],"class_list":["post-20800","post","type-post","status-publish","format-standard","has-post-thumbnail","hentry","category-minuto-a-minuto","category-zona-gris","tag-oaxaca-de-juarez"],"jetpack_featured_media_url":"https:\/\/zonaroja.com.mx\/wp-content\/uploads\/2020\/12\/Estructura-metalica-Andador-turistico.jpg","jetpack_sharing_enabled":true,"_links":{"self":[{"href":"https:\/\/zonaroja.com.mx\/index.php?rest_route=\/wp\/v2\/posts\/20800","targetHints":{"allow":["GET"]}}],"collection":[{"href":"https:\/\/zonaroja.com.mx\/index.php?rest_route=\/wp\/v2\/posts"}],"about":[{"href":"https:\/\/zonaroja.com.mx\/index.php?rest_route=\/wp\/v2\/types\/post"}],"author":[{"embeddable":true,"href":"https:\/\/zonaroja.com.mx\/index.php?rest_route=\/wp\/v2\/users\/2"}],"replies":[{"embeddable":true,"href":"https:\/\/zonaroja.com.mx\/index.php?rest_route=%2Fwp%2Fv2%2Fcomments&post=20800"}],"version-history":[{"count":1,"href":"https:\/\/zonaroja.com.mx\/index.php?rest_route=\/wp\/v2\/posts\/20800\/revisions"}],"predecessor-version":[{"id":20802,"href":"https:\/\/zonaroja.com.mx\/index.php?rest_route=\/wp\/v2\/posts\/20800\/revisions\/20802"}],"wp:featuredmedia":[{"embeddable":true,"href":"https:\/\/zonaroja.com.mx\/index.php?rest_route=\/wp\/v2\/media\/20801"}],"wp:attachment":[{"href":"https:\/\/zonaroja.com.mx\/index.php?rest_route=%2Fwp%2Fv2%2Fmedia&parent=20800"}],"wp:term":[{"taxonomy":"category","embeddable":true,"href":"https:\/\/zonaroja.com.mx\/index.php?rest_route=%2Fwp%2Fv2%2Fcategories&post=20800"},{"taxonomy":"post_tag","embeddable":true,"href":"https:\/\/zonaroja.com.mx\/index.php?rest_route=%2Fwp%2Fv2%2Ftags&post=20800"}],"curies":[{"name":"wp","href":"https:\/\/api.w.org\/{rel}","templated":true}]}}