{"id":20803,"date":"2020-12-02T22:02:11","date_gmt":"2020-12-03T04:02:11","guid":{"rendered":"http:\/\/www.zonaroja.com.mx\/?p=20803"},"modified":"2020-12-02T22:43:12","modified_gmt":"2020-12-03T04:43:12","slug":"segundo-dia-de-diciembre-112-casos-positivos-a-covid-y-10-decesos","status":"publish","type":"post","link":"https:\/\/zonaroja.com.mx\/?p=20803","title":{"rendered":"Segundo d\u00eda de diciembre: 112 casos positivos a Covid y 10 decesos"},"content":{"rendered":"\n<p>Redacci\u00f3n\/Zona Roja.<\/p>\n\n\n\n<p>Oaxaca de Ju\u00e1rez, Oax. 2 de diciembre de 2020.- Los Servicios de Salud de Oaxaca (SSO) tienen contabilizados, al corte epidemiol\u00f3gico de este 2 de diciembre, 112 casos nuevos de Covid-19, que suman 24 mil 630 casos acumulados en la entidad.<\/p>\n\n\n\n<p>En un comunicado, la instituci\u00f3n detall\u00f3 que se han notificado 39 mil 173 casos de los cuales, 10 mil 847 son negativos, hay tres mil 696 sospechosos, 22 mil 111 se han recuperado, y lamentablemente se han registrado 10 decesos que suman mil 944 defunciones.<\/p>\n\n\n\n<p>Refiri\u00f3 que la Jurisdicci\u00f3n Sanitaria n\u00famero uno Valles Centrales contabiliza, 16 mil 580 casos confirmados y 979 defunciones, Istmo dos mil 321 y 321 muertes, Tuxtepec mil 882 y 277 fallecimientos, Mixteca mil 807 y 174 defunciones, Costa mil 274 y 124 fallecimientos, y en la Sierra 766 y 69 muertes.<\/p>\n\n\n\n<p>Puntualiz\u00f3 que de los 112 casos nuevos, se registran en 37 municipios siendo los que mayor n\u00famero de casos presenta el de Oaxaca de Ju\u00e1rez con 39, Santa Cruz Xoxocotl\u00e1n 10, Santa Luc\u00eda del Camino siete, San Jacinto Amilpas y San Pedro Mixtepec cinco cada uno, el resto tres, dos y un caso.<\/p>\n\n\n\n<p>Dijo que hay 586 casos activos de los cuales la Jurisdicci\u00f3n sanitaria n\u00famero uno Valles Centrales contabiliza 488, Sierra 30, Costa 27, Mixteca 22, Istmo 13, y Tuxtepec seis.<\/p>\n\n\n\n<p>Sostuvo que la ocupaci\u00f3n hospitalaria global para la atenci\u00f3n de pacientes Covid-19 es del 35%, el 39.3 es sin ventilador, y el 27.9 es con ventilador.<\/p>\n\n\n\n<p>Expuso que hay cinco centros de valoraci\u00f3n de primer contacto para pacientes con s\u00edntomas respiratorios en la zona conurbada, como el hospital general de zona n\u00famero uno del Instituto Mexicano del Seguro Social (IMSS), Hospital Presidente Ju\u00e1rez del Instituto de Seguridad y Servicios Sociales de los Trabajadores del Estado (ISSSTE), Ixcotel de la Secretar\u00eda de la Defensa Nacional (Sedena), Doctor \u201cAurelio Valdivieso\u201d y el Centro de Salud urbano 1.<\/p>\n\n\n\n<p>Finalmente, dijo que es importante se\u00f1alar que los SSO, recomiendan que durante estas fechas las celebraciones se hagan desde casa, \u201cperegrino qu\u00e9date en casa\u201d, esto para prevenir y evitar riesgos a la salud y de nuestra familia, quedando las celebraciones eclesi\u00e1sticas presenciales suspendidas.<\/p>\n\n\n\n<p><\/p>\n","protected":false},"excerpt":{"rendered":"<p>Redacci\u00f3n\/Zona Roja. Oaxaca de Ju\u00e1rez, Oax. 2 de diciembre de 2020.- Los Servicios de Salud&hellip;<\/p>\n","protected":false},"author":2,"featured_media":20804,"comment_status":"closed","ping_status":"open","sticky":false,"template":"","format":"standard","meta":{"_lmt_disableupdate":"","_lmt_disable":"","_jetpack_memberships_contains_paid_content":false,"footnotes":""},"categories":[109,47],"tags":[1512],"class_list":["post-20803","post","type-post","status-publish","format-standard","has-post-thumbnail","hentry","category-minuto-a-minuto","category-zona-gris","tag-coronavirus-oaxaca"],"jetpack_featured_media_url":"https:\/\/zonaroja.com.mx\/wp-content\/uploads\/2020\/12\/GRAFICA-SSO-01-2.jpeg","jetpack_sharing_enabled":true,"_links":{"self":[{"href":"https:\/\/zonaroja.com.mx\/index.php?rest_route=\/wp\/v2\/posts\/20803","targetHints":{"allow":["GET"]}}],"collection":[{"href":"https:\/\/zonaroja.com.mx\/index.php?rest_route=\/wp\/v2\/posts"}],"about":[{"href":"https:\/\/zonaroja.com.mx\/index.php?rest_route=\/wp\/v2\/types\/post"}],"author":[{"embeddable":true,"href":"https:\/\/zonaroja.com.mx\/index.php?rest_route=\/wp\/v2\/users\/2"}],"replies":[{"embeddable":true,"href":"https:\/\/zonaroja.com.mx\/index.php?rest_route=%2Fwp%2Fv2%2Fcomments&post=20803"}],"version-history":[{"count":3,"href":"https:\/\/zonaroja.com.mx\/index.php?rest_route=\/wp\/v2\/posts\/20803\/revisions"}],"predecessor-version":[{"id":20813,"href":"https:\/\/zonaroja.com.mx\/index.php?rest_route=\/wp\/v2\/posts\/20803\/revisions\/20813"}],"wp:featuredmedia":[{"embeddable":true,"href":"https:\/\/zonaroja.com.mx\/index.php?rest_route=\/wp\/v2\/media\/20804"}],"wp:attachment":[{"href":"https:\/\/zonaroja.com.mx\/index.php?rest_route=%2Fwp%2Fv2%2Fmedia&parent=20803"}],"wp:term":[{"taxonomy":"category","embeddable":true,"href":"https:\/\/zonaroja.com.mx\/index.php?rest_route=%2Fwp%2Fv2%2Fcategories&post=20803"},{"taxonomy":"post_tag","embeddable":true,"href":"https:\/\/zonaroja.com.mx\/index.php?rest_route=%2Fwp%2Fv2%2Ftags&post=20803"}],"curies":[{"name":"wp","href":"https:\/\/api.w.org\/{rel}","templated":true}]}}