{"id":20806,"date":"2020-12-03T09:00:21","date_gmt":"2020-12-03T15:00:21","guid":{"rendered":"http:\/\/www.zonaroja.com.mx\/?p=20806"},"modified":"2020-12-02T22:10:30","modified_gmt":"2020-12-03T04:10:30","slug":"rapera-zapoteca-encabeza-campana-nacional-contra-la-violencia-de-genero","status":"publish","type":"post","link":"https:\/\/zonaroja.com.mx\/?p=20806","title":{"rendered":"Rapera zapoteca encabeza campa\u00f1a nacional contra la violencia de g\u00e9nero"},"content":{"rendered":"\n<p>Evlin Arag\u00f3n\/Zona Roja.<\/p>\n\n\n\n<p>Oaxaca de Ju\u00e1rez, Oax., 3 de diciembre de 2020.- Con un canto feminista poderoso como la caracteriza, la rapera zapoteca Mare Advertencia Lirika encabeza, junto con otras activistas, la campa\u00f1a \u201cObra Colectiva 25N+16 Ni una m\u00e1s\u201d de la Iniciativa Spotligth, para prevenir y erradicar los feminicidios en M\u00e9xico.<\/p>\n\n\n\n<p>\u201cSo\u00f1\u00e9 un lugar donde ninguna mujer muere en manos de un hombre que ha jurado que la quiere. Donde desde ni\u00f1as la sociedad protege y t\u00fa color de piel no te define ante las leyes\u201d.<\/p>\n\n\n\n<p>Son las primeras l\u00edneas de la canci\u00f3n que aporta la cantante oaxaque\u00f1a, que recientemente ha lanzado su nuevo material discogr\u00e1fico con el que mantiene su responsabilidad de hablar por su comunidad y las de al lado, las mujeres, y las v\u00edctimas de la desaparici\u00f3n forzada en M\u00e9xico como refiri\u00f3 para la revista \u201cRolling Stone\u201d.<\/p>\n\n\n\n<p>\u201cNo hay discriminaci\u00f3n, menos violencia. No te desaparecen y t\u00fa voz no segregan. Es valorada la diversidad de lengua. Y tu sexo-g\u00e9nero no define tu existencia&#8230;\u201d<\/p>\n\n\n\n<p>La melod\u00eda, que forma parte del audiovisual, refiere el ideal al que aspiran las mujeres, una realidad que a\u00fan se ve lejana en M\u00e9xico, donde los \u00edndices de violencia de g\u00e9nero y feminicida van al alza, impidiendo el acceso a una vida libre de violencia, tal y como lo establecen las leyes&nbsp; locales, nacionales e internacionales.<\/p>\n\n\n\n<p>\u201cEntonces despert\u00e9 y vi muy lejos la realidad que sigue siendo nuestro anhelo, pero no he de aceptar que es solo un sue\u00f1o s\u00e9 que alg\u00fan d\u00eda podemos llegar a verlo\u201d.<\/p>\n\n\n\n<p>La canci\u00f3n, que es todo un manifiesto social, refiere que toda violencia es prevenible y que ning\u00fan feminicidio deber\u00eda ocurrir, de ah\u00ed que se retoma como estandarte en el marco del D\u00eda Internacional de la Eliminaci\u00f3n contra la Violencia de la Mujer.<\/p>\n\n\n\n<p>En la misma campa\u00f1a participa la activista Lul\u00fa Barrera, que asegura el verdadero problema en torno a los feminicidios es que en M\u00e9xico hay leyes pero no justicia; mecanismos de avanzada como las \u00f3rdenes de protecci\u00f3n o la alerta de g\u00e9nero se han quedado \u00fanicamente en papel, ante la inoperatividad del funcionariado p\u00fablico.<\/p>\n\n\n\n<p>Y es que de acuerdo con la joven, actualmente cientos de denuncias son interpuestas por mujeres v\u00edctimas de violencia, algunas terminan con un desenlace fatal ante la falta de acci\u00f3n por parte de las autoridades que insisten en hacer pasar como suicidios los feminicidios en sus investigaciones.<\/p>\n\n\n\n<p>De ah\u00ed que urgi\u00f3 la transformaci\u00f3n de las instancias de procuraci\u00f3n de justicia -a fin de que las investigaciones avancen y se puedan abatir los altos \u00edndices de impunidad en el pa\u00eds &#8211; y un cambio cultural que deje criminalizar a las feministas.<\/p>\n\n\n\n<p>\u201cEl feminismo salva vidas, nos convierte de rivales a compa\u00f1eras, nos dice que estamos juntas y que no vamos a estar solar nunca m\u00e1s y que podemos ser libres y vivir felices juntas<\/p>\n\n\n\n<p>A la iniciativa tambi\u00e9n se unieron otras cantantes mexicanas como: Obeja negra, Aramara, La Otredad, adem\u00e1s de las activistas Ana Yeli P\u00e9rez,&nbsp; Cecilia Su\u00e1rez, Belen Saenz, Ana Karen Escobar, Viridiana Guti\u00e9rrez, Dalma Ruiz, Yanis Lara, Natalia Barreto, Abril Margarita Jim\u00e9nez Salinas, Martha Renter\u00eda.<\/p>\n","protected":false},"excerpt":{"rendered":"<p>Evlin Arag\u00f3n\/Zona Roja. Oaxaca de Ju\u00e1rez, Oax., 3 de diciembre de 2020.- Con un canto&hellip;<\/p>\n","protected":false},"author":2,"featured_media":20807,"comment_status":"closed","ping_status":"open","sticky":false,"template":"","format":"standard","meta":{"_lmt_disableupdate":"","_lmt_disable":"","_jetpack_memberships_contains_paid_content":false,"footnotes":""},"categories":[109,46],"tags":[2271],"class_list":["post-20806","post","type-post","status-publish","format-standard","has-post-thumbnail","hentry","category-minuto-a-minuto","category-zona-blanca","tag-mare-advertencia-lirika"],"jetpack_featured_media_url":"https:\/\/zonaroja.com.mx\/wp-content\/uploads\/2020\/12\/Mare-Advertencia-Lirika.jpg","jetpack_sharing_enabled":true,"_links":{"self":[{"href":"https:\/\/zonaroja.com.mx\/index.php?rest_route=\/wp\/v2\/posts\/20806","targetHints":{"allow":["GET"]}}],"collection":[{"href":"https:\/\/zonaroja.com.mx\/index.php?rest_route=\/wp\/v2\/posts"}],"about":[{"href":"https:\/\/zonaroja.com.mx\/index.php?rest_route=\/wp\/v2\/types\/post"}],"author":[{"embeddable":true,"href":"https:\/\/zonaroja.com.mx\/index.php?rest_route=\/wp\/v2\/users\/2"}],"replies":[{"embeddable":true,"href":"https:\/\/zonaroja.com.mx\/index.php?rest_route=%2Fwp%2Fv2%2Fcomments&post=20806"}],"version-history":[{"count":1,"href":"https:\/\/zonaroja.com.mx\/index.php?rest_route=\/wp\/v2\/posts\/20806\/revisions"}],"predecessor-version":[{"id":20808,"href":"https:\/\/zonaroja.com.mx\/index.php?rest_route=\/wp\/v2\/posts\/20806\/revisions\/20808"}],"wp:featuredmedia":[{"embeddable":true,"href":"https:\/\/zonaroja.com.mx\/index.php?rest_route=\/wp\/v2\/media\/20807"}],"wp:attachment":[{"href":"https:\/\/zonaroja.com.mx\/index.php?rest_route=%2Fwp%2Fv2%2Fmedia&parent=20806"}],"wp:term":[{"taxonomy":"category","embeddable":true,"href":"https:\/\/zonaroja.com.mx\/index.php?rest_route=%2Fwp%2Fv2%2Fcategories&post=20806"},{"taxonomy":"post_tag","embeddable":true,"href":"https:\/\/zonaroja.com.mx\/index.php?rest_route=%2Fwp%2Fv2%2Ftags&post=20806"}],"curies":[{"name":"wp","href":"https:\/\/api.w.org\/{rel}","templated":true}]}}