{"id":20817,"date":"2020-12-03T07:43:38","date_gmt":"2020-12-03T13:43:38","guid":{"rendered":"http:\/\/www.zonaroja.com.mx\/?p=20817"},"modified":"2020-12-03T07:43:45","modified_gmt":"2020-12-03T13:43:45","slug":"coparmex-califica-a-murat-como-uno-de-los-peores-cinco-gobernadores-del-pais","status":"publish","type":"post","link":"https:\/\/zonaroja.com.mx\/?p=20817","title":{"rendered":"Coparmex califica a Murat como uno de los peores cinco gobernadores del pa\u00eds"},"content":{"rendered":"\n<p>Redacci\u00f3n\/Estado 20.<\/p>\n\n\n\n<p>Oaxaca de Ju\u00e1rez, Oax., 3 de diciembre de 2020.- El gobernador de Oaxaca, Alejando Murat, concluy\u00f3 el mes de noviembre ubicado como uno de los cinco mandatarios peor calificados del pa\u00eds, por la Confederaci\u00f3n Patronal de la Rep\u00fablica Mexicana (Coparmex), cuyos afiliados le otorgaron una aprobaci\u00f3n de 12 por ciento.<\/p>\n\n\n\n<p>De acuerdo con la plataforma Data Coparmex, actualizada en noviembre, los cinco gobernadores con las calificaciones m\u00e1s bajas otorgadas por los empresarios del sindicato patronal fueron Cuauht\u00e9moc Blanco, de Morelos, que obtuvo dos por ciento de aprobaci\u00f3n, en \u00faltimo lugar; Miguel Barbosa, de Puebla, con el cinco por ciento de aprobaci\u00f3n, en pen\u00faltimo lugar, y Jaime Bonilla Valdez, de Baja California Norte, con seis por ciento, en antepen\u00faltimo lugar.<\/p>\n\n\n\n<p>El cuarto peor calificado fue el mandatario de Veracruz, Cuitl\u00e1huac Garc\u00eda, con el ocho por ciento de aprobaci\u00f3n, y luego, sigui\u00f3 Alejandro Murat de Oaxaca, con 12 por ciento de la aprobaci\u00f3n de la iniciativa privada.<\/p>\n\n\n\n<p>Coparmex indic\u00f3 que los aspectos que son analizados por sus socios tienen que ver con la inseguridad que predomina en las entidades, as\u00ed como la falta de apoyo al empresariado, la corrupci\u00f3n, la calidad de la infraestructura y servicios p\u00fablicos, los niveles de pobreza y desigualdad, adem\u00e1s del gasto eficiente que efect\u00faan las administraciones p\u00fablicas. Los estados mejor evaluados fueron los de Quer\u00e9taro, Yucat\u00e1n y Baja California Sur.<\/p>\n","protected":false},"excerpt":{"rendered":"<p>Redacci\u00f3n\/Estado 20. Oaxaca de Ju\u00e1rez, Oax., 3 de diciembre de 2020.- El gobernador de Oaxaca,&hellip;<\/p>\n","protected":false},"author":2,"featured_media":20818,"comment_status":"closed","ping_status":"open","sticky":false,"template":"","format":"standard","meta":{"_lmt_disableupdate":"","_lmt_disable":"","_jetpack_memberships_contains_paid_content":false,"footnotes":""},"categories":[109,47],"tags":[173],"class_list":["post-20817","post","type-post","status-publish","format-standard","has-post-thumbnail","hentry","category-minuto-a-minuto","category-zona-gris","tag-alejandro-murat-hinojosa"],"jetpack_featured_media_url":"https:\/\/zonaroja.com.mx\/wp-content\/uploads\/2020\/12\/Alejandro-Murat.jpg","jetpack_sharing_enabled":true,"_links":{"self":[{"href":"https:\/\/zonaroja.com.mx\/index.php?rest_route=\/wp\/v2\/posts\/20817","targetHints":{"allow":["GET"]}}],"collection":[{"href":"https:\/\/zonaroja.com.mx\/index.php?rest_route=\/wp\/v2\/posts"}],"about":[{"href":"https:\/\/zonaroja.com.mx\/index.php?rest_route=\/wp\/v2\/types\/post"}],"author":[{"embeddable":true,"href":"https:\/\/zonaroja.com.mx\/index.php?rest_route=\/wp\/v2\/users\/2"}],"replies":[{"embeddable":true,"href":"https:\/\/zonaroja.com.mx\/index.php?rest_route=%2Fwp%2Fv2%2Fcomments&post=20817"}],"version-history":[{"count":1,"href":"https:\/\/zonaroja.com.mx\/index.php?rest_route=\/wp\/v2\/posts\/20817\/revisions"}],"predecessor-version":[{"id":20819,"href":"https:\/\/zonaroja.com.mx\/index.php?rest_route=\/wp\/v2\/posts\/20817\/revisions\/20819"}],"wp:featuredmedia":[{"embeddable":true,"href":"https:\/\/zonaroja.com.mx\/index.php?rest_route=\/wp\/v2\/media\/20818"}],"wp:attachment":[{"href":"https:\/\/zonaroja.com.mx\/index.php?rest_route=%2Fwp%2Fv2%2Fmedia&parent=20817"}],"wp:term":[{"taxonomy":"category","embeddable":true,"href":"https:\/\/zonaroja.com.mx\/index.php?rest_route=%2Fwp%2Fv2%2Fcategories&post=20817"},{"taxonomy":"post_tag","embeddable":true,"href":"https:\/\/zonaroja.com.mx\/index.php?rest_route=%2Fwp%2Fv2%2Ftags&post=20817"}],"curies":[{"name":"wp","href":"https:\/\/api.w.org\/{rel}","templated":true}]}}