{"id":2082,"date":"2019-07-07T08:16:30","date_gmt":"2019-07-07T13:16:30","guid":{"rendered":"http:\/\/www.zonaroja.com.mx\/?p=2082"},"modified":"2019-07-07T08:16:31","modified_gmt":"2019-07-07T13:16:31","slug":"derrama-oaxaca-sangre-ocho-muertos-en-24-horas","status":"publish","type":"post","link":"https:\/\/zonaroja.com.mx\/?p=2082","title":{"rendered":"Derrama Oaxaca sangre: ocho muertos en 24 horas"},"content":{"rendered":"\n<p>Ismael\nGarc\u00eda M.<\/p>\n\n\n\n<p>Oaxaca de\nJu\u00e1rez, Oax., 7 de julio de 2019.- A dos semanas de las fiestas de los Lunes\ndel Cerro y pese a la llegada de la Guardia Nacional, en aproximadamente 24\nhoras, Oaxaca registr\u00f3 ocho asesinatos, uno de ellos en un centro comercial de\nla capital, tres en la regi\u00f3n Costa, tres en el Istmo y uno en la Cuenca.<\/p>\n\n\n\n<p>Este \u00faltimo\ncaso ocurri\u00f3 alrededor de las 20:30 horas en la colonia Siglo XXI de San Juan\nBautista Tuxtepec, donde fue ejecutado un adolescente, de 14 a\u00f1os de edad e\nidentificado como Yahir H.<\/p>\n\n\n\n<p>El ni\u00f1o\npresentaba varios impactos de arma de fuego y tuvo su domicilio en la calle 18\nde Marzo del mismo asentamiento; hasta el momento se desconoce el m\u00f3vil del\ncrimen.<\/p>\n\n\n\n<p>Tambi\u00e9n ayer\npor la tarde, en el camino de terracer\u00eda que comunica a los municipios de\nMat\u00edas Romero Avenda\u00f1o con El Barrio de la Soledad, fue hallado un cuerpo, con\nhuellas de tortura.<\/p>\n\n\n\n<p>Seg\u00fan\ninformes de la Vicefiscal\u00eda Regional del Istmo, se trat\u00f3 del tesorero del\nComisariado de Bienes Comunales de Santa Mar\u00eda Chimalapa, quien presuntamente\nfue \u201clevantado\u201d de un lugar donde conviv\u00eda con otras personas.<\/p>\n\n\n\n<p>Este s\u00e1bado\nigualmente, afuera de su domicilio en el calle\u00f3n Pescadores de la S\u00e9ptima\nSecci\u00f3n, fue ultimado a balazos un individuo conocido como Juan C., cuyo cuerpo\nfue retirado por sus propios familiares.<\/p>\n\n\n\n<p>Mientras que\nal mediod\u00eda de ayer en el centro comercial Plaza Oaxaca de la ciudad de Oaxaca,\nfue ultimado un dirigente de transportistas, identificado como Roberto Cabrera\nMontes.<\/p>\n\n\n\n<p>VIERNES\nFATAL<\/p>\n\n\n\n<p>El viernes,\ntres personas fueron asesinadas a balazos en la regi\u00f3n de la Costa; un primer\ncaso ocurri\u00f3 afuera de un local de alimentos en la comunidad de R\u00edo Grande,\nperteneciente al municipio de Villa de Tututepec.<\/p>\n\n\n\n<p>Otro fue en\nla localidad de El Ciruelo, del municipio de Pinotepa Nacional, donde fue\nmuerto a balazos un individuo originario del estado de Guerrero, sin que se\ndieran m\u00e1s datos.<\/p>\n\n\n\n<p>Mientras que\nen San Pedro Mixtepec fue atacado a balazos Andr\u00e9s N., de 37 a\u00f1os de edad, a la\nsalida de un bar, presuntamente por parte de un grupo armado.<\/p>\n\n\n\n<p>La\nambulancia lleg\u00f3 para trasladarlo al hospital de Puerto Escondido, pero sobre\nla carretera federal 131, a la altura del pueblo Los Nanches, fue interceptado\npor el grupo armado, que remat\u00f3 a la v\u00edctima.<\/p>\n\n\n\n<p>En tanto,\ntambi\u00e9n el viernes falleci\u00f3 en un hospital Antonio Pe\u00f1a, atacado la v\u00edspera en\nSanta Mar\u00eda Mixtequilla, regi\u00f3n del Istmo de Tehuantepec.<\/p>\n","protected":false},"excerpt":{"rendered":"<p>Ismael Garc\u00eda M. Oaxaca de Ju\u00e1rez, Oax., 7 de julio de 2019.- A dos semanas&hellip;<\/p>\n","protected":false},"author":2,"featured_media":2083,"comment_status":"closed","ping_status":"open","sticky":false,"template":"","format":"standard","meta":{"_lmt_disableupdate":"","_lmt_disable":"","_jetpack_memberships_contains_paid_content":false,"footnotes":""},"categories":[109,51],"tags":[],"class_list":["post-2082","post","type-post","status-publish","format-standard","has-post-thumbnail","hentry","category-minuto-a-minuto","category-zona-roja"],"jetpack_featured_media_url":"https:\/\/zonaroja.com.mx\/wp-content\/uploads\/2019\/07\/PHOTO-2019-07-06-21-22-04.jpg","jetpack_sharing_enabled":true,"_links":{"self":[{"href":"https:\/\/zonaroja.com.mx\/index.php?rest_route=\/wp\/v2\/posts\/2082","targetHints":{"allow":["GET"]}}],"collection":[{"href":"https:\/\/zonaroja.com.mx\/index.php?rest_route=\/wp\/v2\/posts"}],"about":[{"href":"https:\/\/zonaroja.com.mx\/index.php?rest_route=\/wp\/v2\/types\/post"}],"author":[{"embeddable":true,"href":"https:\/\/zonaroja.com.mx\/index.php?rest_route=\/wp\/v2\/users\/2"}],"replies":[{"embeddable":true,"href":"https:\/\/zonaroja.com.mx\/index.php?rest_route=%2Fwp%2Fv2%2Fcomments&post=2082"}],"version-history":[{"count":1,"href":"https:\/\/zonaroja.com.mx\/index.php?rest_route=\/wp\/v2\/posts\/2082\/revisions"}],"predecessor-version":[{"id":2084,"href":"https:\/\/zonaroja.com.mx\/index.php?rest_route=\/wp\/v2\/posts\/2082\/revisions\/2084"}],"wp:featuredmedia":[{"embeddable":true,"href":"https:\/\/zonaroja.com.mx\/index.php?rest_route=\/wp\/v2\/media\/2083"}],"wp:attachment":[{"href":"https:\/\/zonaroja.com.mx\/index.php?rest_route=%2Fwp%2Fv2%2Fmedia&parent=2082"}],"wp:term":[{"taxonomy":"category","embeddable":true,"href":"https:\/\/zonaroja.com.mx\/index.php?rest_route=%2Fwp%2Fv2%2Fcategories&post=2082"},{"taxonomy":"post_tag","embeddable":true,"href":"https:\/\/zonaroja.com.mx\/index.php?rest_route=%2Fwp%2Fv2%2Ftags&post=2082"}],"curies":[{"name":"wp","href":"https:\/\/api.w.org\/{rel}","templated":true}]}}