{"id":20830,"date":"2020-12-03T18:31:41","date_gmt":"2020-12-04T00:31:41","guid":{"rendered":"http:\/\/www.zonaroja.com.mx\/?p=20830"},"modified":"2020-12-03T18:31:44","modified_gmt":"2020-12-04T00:31:44","slug":"terminan-de-retirar-estructura-de-tunel-navideno-gobierno-estatal-calla","status":"publish","type":"post","link":"https:\/\/zonaroja.com.mx\/?p=20830","title":{"rendered":"Terminan de retirar estructura de t\u00fanel navide\u00f1o; gobierno estatal calla"},"content":{"rendered":"\n<p>Redacci\u00f3n\/Zona Roja.<\/p>\n\n\n\n<p>Oaxaca de Ju\u00e1rez, Oax., 3 de diciembre de 2020.- La ma\u00f1ana de este jueves la empresa encargada de los trabajos termin\u00f3 de retirar las estructuras de lo que ser\u00eda un t\u00fanel para diversi\u00f3n de la gente en Navidad, en el Centro Hist\u00f3rico de la capital de Oaxaca.<\/p>\n\n\n\n<p>Ello tras la negativa del Cabildo del municipio de Oaxaca de Ju\u00e1rez de otorgar permios para actos masivos y la exhibici\u00f3n de un probable negocio del gobernar Alejandro Murat Hinojosa con una empresa del Estado de M\u00e9xico.<\/p>\n\n\n\n<p>No obstante, hasta el momento, el Gobierno del Estado no ha emitido ning\u00fan comunicado o posicionamiento al respecto.<\/p>\n\n\n\n<p>La colocaci\u00f3n de dicho material, en pleno Centro Hist\u00f3rico, caus\u00f3 pol\u00e9mica en las redes sociales, tras argumentar que se trataba de una acci\u00f3n que inevitablemente llama a la concentraci\u00f3n masiva de personas en una zona donde los casos por Covid-19 no paran.&nbsp;<\/p>\n\n\n\n<p>Con lo anterior, la licitaci\u00f3n &#8211;presuntamente por un mill\u00f3n 500 mil pesos, autorizada y asignada por la Direcci\u00f3n de Recursos Materiales de la Secretar\u00eda de Administraci\u00f3n&#8211; ha quedado en el limbo, puesto que el espect\u00e1culo no se llevar\u00e1 a cabo al menos en la capital.<\/p>\n\n\n\n<figure class=\"wp-block-embed-twitter wp-block-embed is-type-rich is-provider-twitter\"><div class=\"wp-block-embed__wrapper\">\n<div class=\"twitter-tweet\"><blockquote class=\"twitter-tweet\" data-lang=\"es\"><p lang=\"es\" dir=\"ltr\"><a href=\"https:\/\/twitter.com\/hashtag\/%C3%9AltimaHora?src=hash&amp;ref_src=twsrc%5Etfw\">#\u00daltimaHora<\/a> <br>Tras la negativa del Cabildo del <a href=\"https:\/\/twitter.com\/MunicipioOaxaca?ref_src=twsrc%5Etfw\">@MunicipioOaxaca<\/a> de otorgar permisos para actos masivos y la exhibici\u00f3n de un probable negocio del gobernador <a href=\"https:\/\/twitter.com\/alejandromurat?ref_src=twsrc%5Etfw\">@alejandromurat<\/a> con empresa del Edomex, anoche fue retirada la estructura en el Centro Hist\u00f3rico, para espect\u00e1culo navide\u00f1o. <a href=\"https:\/\/t.co\/M8mflBJEjq\">pic.twitter.com\/M8mflBJEjq<\/a><\/p>&mdash; Zona Roja Oaxaca (@MexRoja) <a href=\"https:\/\/twitter.com\/MexRoja\/status\/1334488304083988482?ref_src=twsrc%5Etfw\">3 de diciembre de 2020<\/a><\/blockquote><\/div>\n<\/div><\/figure>\n\n\n\n<p>De acuerdo a la Invitaci\u00f3n Abierta Estatal n\u00famero IAE-SA-SA-0040-11\/2020, relativa a la \u201cContrataci\u00f3n de Servicio Integrales de Audio e Iluminaci\u00f3n, fue la persona f\u00edsica denominada Claudia Valdez Flores, quien result\u00f3 ganadora de la licitaci\u00f3n promovida por la Secretar\u00eda de Administraci\u00f3n, dependencia que en ning\u00fan momento objet\u00f3 la realizaci\u00f3n de un espect\u00e1culo masivo en plena pandemia.&nbsp;<\/p>\n\n\n\n<p>Por el contrario, fall\u00f3 a favor de la participante mediante el Comit\u00e9 de Adquisiciones, Enajenaciones, Arrendamientos y Servicios del Estado de Oaxaca, correspondiente a la Vig\u00e9sima Octava Sesi\u00f3n Ordinaria, por el monto antes mencionado y que incluye el 16 por ciento del IVA, sin ser obligatorio para la contratante ejercer el monto m\u00e1ximo.<\/p>\n\n\n\n<p>De acuerdo con la informaci\u00f3n previamente difundida, fue la Secretar\u00eda de Turismo, a cargo de Juan Carlos Rivera Castellanos, la que promovi\u00f3 el mega espect\u00e1culo navide\u00f1o a instalarse en el Centro Hist\u00f3rico, pese a que la capital de Oaxaca registra el m\u00e1s alto n\u00famero de contagios por Covid-19.&nbsp;<\/p>\n\n\n\n<p>El proyecto inclu\u00eda un macrot\u00fanel navide\u00f1o, que podr\u00edan disfrutar visitantes durante la temporada decembrina; el mismo inclu\u00eda un \u00e1rbol navide\u00f1o en la Alameda de Le\u00f3n, como se ha colocado en a\u00f1os anteriores.&nbsp;<\/p>\n\n\n\n<p>Sin embargo, el reciente acuerdo de Cabildo del municipio de Oaxaca de Ju\u00e1rez, encabezado por el morenista Oswaldo Garc\u00eda Jarqu\u00edn, echo abajo la instalaci\u00f3n del espect\u00e1culo y determin\u00f3 mantener la prohibici\u00f3n de cualquier actividad masiva en la v\u00eda p\u00fablica, para evitar los contagios por la pandemia.&nbsp;<\/p>\n","protected":false},"excerpt":{"rendered":"<p>Redacci\u00f3n\/Zona Roja. Oaxaca de Ju\u00e1rez, Oax., 3 de diciembre de 2020.- La ma\u00f1ana de este&hellip;<\/p>\n","protected":false},"author":2,"featured_media":20831,"comment_status":"closed","ping_status":"open","sticky":false,"template":"","format":"standard","meta":{"_lmt_disableupdate":"","_lmt_disable":"","_jetpack_memberships_contains_paid_content":false,"footnotes":""},"categories":[109,47],"tags":[1989],"class_list":["post-20830","post","type-post","status-publish","format-standard","has-post-thumbnail","hentry","category-minuto-a-minuto","category-zona-gris","tag-secretaria-de-administracion"],"jetpack_featured_media_url":"https:\/\/zonaroja.com.mx\/wp-content\/uploads\/2020\/12\/Estructura-metalica-Andador.jpg","jetpack_sharing_enabled":true,"_links":{"self":[{"href":"https:\/\/zonaroja.com.mx\/index.php?rest_route=\/wp\/v2\/posts\/20830","targetHints":{"allow":["GET"]}}],"collection":[{"href":"https:\/\/zonaroja.com.mx\/index.php?rest_route=\/wp\/v2\/posts"}],"about":[{"href":"https:\/\/zonaroja.com.mx\/index.php?rest_route=\/wp\/v2\/types\/post"}],"author":[{"embeddable":true,"href":"https:\/\/zonaroja.com.mx\/index.php?rest_route=\/wp\/v2\/users\/2"}],"replies":[{"embeddable":true,"href":"https:\/\/zonaroja.com.mx\/index.php?rest_route=%2Fwp%2Fv2%2Fcomments&post=20830"}],"version-history":[{"count":1,"href":"https:\/\/zonaroja.com.mx\/index.php?rest_route=\/wp\/v2\/posts\/20830\/revisions"}],"predecessor-version":[{"id":20832,"href":"https:\/\/zonaroja.com.mx\/index.php?rest_route=\/wp\/v2\/posts\/20830\/revisions\/20832"}],"wp:featuredmedia":[{"embeddable":true,"href":"https:\/\/zonaroja.com.mx\/index.php?rest_route=\/wp\/v2\/media\/20831"}],"wp:attachment":[{"href":"https:\/\/zonaroja.com.mx\/index.php?rest_route=%2Fwp%2Fv2%2Fmedia&parent=20830"}],"wp:term":[{"taxonomy":"category","embeddable":true,"href":"https:\/\/zonaroja.com.mx\/index.php?rest_route=%2Fwp%2Fv2%2Fcategories&post=20830"},{"taxonomy":"post_tag","embeddable":true,"href":"https:\/\/zonaroja.com.mx\/index.php?rest_route=%2Fwp%2Fv2%2Ftags&post=20830"}],"curies":[{"name":"wp","href":"https:\/\/api.w.org\/{rel}","templated":true}]}}