{"id":20833,"date":"2020-12-03T20:13:26","date_gmt":"2020-12-04T02:13:26","guid":{"rendered":"http:\/\/www.zonaroja.com.mx\/?p=20833"},"modified":"2020-12-03T20:13:30","modified_gmt":"2020-12-04T02:13:30","slug":"inedito-cerca-de-la-fgr-se-le-fugan-detenidos-a-la-guardia-nacional","status":"publish","type":"post","link":"https:\/\/zonaroja.com.mx\/?p=20833","title":{"rendered":"In\u00e9dito: cerca de la FGR, se le fugan detenidos a la Guardia Nacional"},"content":{"rendered":"\n<p>Redacci\u00f3n\/Zona Roja.<\/p>\n\n\n\n<p>Oaxaca de Ju\u00e1rez, Oax., 3 de diciembre de 2020.- A punto de ser presentados ante el Ministerio P\u00fablico Federal, en San Bartolo Coyotepec, Oaxaca, dos presuntos delincuentes se fugaron cuando eran custodiados por la Guardia Nacional; s\u00f3lo uno fue recuperado.<\/p>\n\n\n\n<p>De acuerdo con reportes policiacos, el hecho se registr\u00f3 despu\u00e9s del mediod\u00eda de este jueves a fuera de las instalaciones de la Fiscal\u00eda General de la Rep\u00fablica (FGR), en dicho municipio conurbado a la regi\u00f3n de Valles Centrales, cuando los detenidos descend\u00edan de la unidad de motor de la Guardia Nacional.<\/p>\n\n\n\n<p>De manera extraoficial se inform\u00f3 que era dos los varones que intentaron la fuga, pero uno de ellos fue alcanzado por los elementos de seguridad, mientras el otro logr\u00f3 escapar. La persona del sexo masculino que pudo huir  hab\u00eda sido detenida, presuntamente, por portaci\u00f3n de arma de fuego.<\/p>\n\n\n\n<figure class=\"wp-block-embed-twitter wp-block-embed is-type-rich is-provider-twitter\"><div class=\"wp-block-embed__wrapper\">\n<div class=\"twitter-tweet\"><blockquote class=\"twitter-tweet\" data-lang=\"es\"><p lang=\"es\" dir=\"ltr\"><a href=\"https:\/\/twitter.com\/hashtag\/%C3%9AltimoMinuto?src=hash&amp;ref_src=twsrc%5Etfw\">#\u00daltimoMinuto<\/a> <br>\u00bfQu\u00e9 le parece? Se le escapan a la <a href=\"https:\/\/twitter.com\/GN_MEXICO_?ref_src=twsrc%5Etfw\">@GN_MEXICO_<\/a> dos personas detenidas que llevaban a las instalaciones de la <a href=\"https:\/\/twitter.com\/FGR_Oax?ref_src=twsrc%5Etfw\">@FGR_Oax<\/a>, en San Bartolo Coyotepec, <a href=\"https:\/\/twitter.com\/hashtag\/Oaxaca?src=hash&amp;ref_src=twsrc%5Etfw\">#Oaxaca<\/a>;  lograron recuperar a una pero la otro a\u00fan no es localizada; fuerte operativo en la zona. <a href=\"https:\/\/t.co\/ZseoqWVm2L\">pic.twitter.com\/ZseoqWVm2L<\/a><\/p>&mdash; Zona Roja Oaxaca (@MexRoja) <a href=\"https:\/\/twitter.com\/MexRoja\/status\/1334586522612461568?ref_src=twsrc%5Etfw\">3 de diciembre de 2020<\/a><\/blockquote><\/div>\n<\/div><\/figure>\n\n\n\n<p>El probable delincuente, quien escap\u00f3 con las manos esposadas, huy\u00f3 entre los terrenos con matorrales que se encuentran alrededor del complejo de justicia del orden federal.<\/p>\n\n\n\n<p>Ante el hecho, pero 45 minutos despu\u00e9s, elementos de la Guardia Nacional y de la Fiscal\u00eda General de la Rep\u00fablica comenzaron con operativos de b\u00fasqueda en la zona, sin obtener resultados positivos durante las primeras cinco horas de rastreo.<\/p>\n\n\n\n<p>En tanto, tambi\u00e9n se pidi\u00f3 el apoyo a la poblaci\u00f3n apoyo para localizar al var\u00f3n, del cual se difundi\u00f3 la imagen, pero como caracter\u00edstica general, vest\u00eda una chamarra color azul marino e iba esposado.<\/p>\n","protected":false},"excerpt":{"rendered":"<p>Redacci\u00f3n\/Zona Roja. Oaxaca de Ju\u00e1rez, Oax., 3 de diciembre de 2020.- A punto de ser&hellip;<\/p>\n","protected":false},"author":2,"featured_media":20834,"comment_status":"closed","ping_status":"open","sticky":false,"template":"","format":"standard","meta":{"_lmt_disableupdate":"","_lmt_disable":"","_jetpack_memberships_contains_paid_content":false,"footnotes":""},"categories":[109,47],"tags":[774],"class_list":["post-20833","post","type-post","status-publish","format-standard","has-post-thumbnail","hentry","category-minuto-a-minuto","category-zona-gris","tag-guardia-nacional-oaxaca"],"jetpack_featured_media_url":"https:\/\/zonaroja.com.mx\/wp-content\/uploads\/2020\/12\/Busqueda-detenido-Guardia-Nacional.jpg","jetpack_sharing_enabled":true,"_links":{"self":[{"href":"https:\/\/zonaroja.com.mx\/index.php?rest_route=\/wp\/v2\/posts\/20833","targetHints":{"allow":["GET"]}}],"collection":[{"href":"https:\/\/zonaroja.com.mx\/index.php?rest_route=\/wp\/v2\/posts"}],"about":[{"href":"https:\/\/zonaroja.com.mx\/index.php?rest_route=\/wp\/v2\/types\/post"}],"author":[{"embeddable":true,"href":"https:\/\/zonaroja.com.mx\/index.php?rest_route=\/wp\/v2\/users\/2"}],"replies":[{"embeddable":true,"href":"https:\/\/zonaroja.com.mx\/index.php?rest_route=%2Fwp%2Fv2%2Fcomments&post=20833"}],"version-history":[{"count":1,"href":"https:\/\/zonaroja.com.mx\/index.php?rest_route=\/wp\/v2\/posts\/20833\/revisions"}],"predecessor-version":[{"id":20835,"href":"https:\/\/zonaroja.com.mx\/index.php?rest_route=\/wp\/v2\/posts\/20833\/revisions\/20835"}],"wp:featuredmedia":[{"embeddable":true,"href":"https:\/\/zonaroja.com.mx\/index.php?rest_route=\/wp\/v2\/media\/20834"}],"wp:attachment":[{"href":"https:\/\/zonaroja.com.mx\/index.php?rest_route=%2Fwp%2Fv2%2Fmedia&parent=20833"}],"wp:term":[{"taxonomy":"category","embeddable":true,"href":"https:\/\/zonaroja.com.mx\/index.php?rest_route=%2Fwp%2Fv2%2Fcategories&post=20833"},{"taxonomy":"post_tag","embeddable":true,"href":"https:\/\/zonaroja.com.mx\/index.php?rest_route=%2Fwp%2Fv2%2Ftags&post=20833"}],"curies":[{"name":"wp","href":"https:\/\/api.w.org\/{rel}","templated":true}]}}