{"id":20836,"date":"2020-12-03T21:23:07","date_gmt":"2020-12-04T03:23:07","guid":{"rendered":"http:\/\/www.zonaroja.com.mx\/?p=20836"},"modified":"2020-12-03T21:23:13","modified_gmt":"2020-12-04T03:23:13","slug":"demandan-eleccion-para-renovar-dirigencia-en-stpeidceo-comite-ejecutivo-la-suspendio","status":"publish","type":"post","link":"https:\/\/zonaroja.com.mx\/?p=20836","title":{"rendered":"Demandan elecci\u00f3n para renovar dirigencia en STPEIDCEO; comit\u00e9 ejecutivo la suspendi\u00f3"},"content":{"rendered":"\n<p>Yuridiana Sosa\/Zona Roja.<\/p>\n\n\n\n<p>Oaxaca de Ju\u00e1rez, Oax., 3 de diciembre de 2020.- Trabajadores del Gobierno del Estado de Oaxaca adheridos al STPEIDCEO, exigieron al comit\u00e9 ejecutivo del gremio la realizaci\u00f3n de las elecciones internas para la renovaci\u00f3n de la dirigencia, misma que pospuso la actual representaci\u00f3n.<\/p>\n\n\n\n<p>Integrantes del Sindicato de Trabajadores de los Poderes del Estado e Instituciones Descentralizadas de Car\u00e1cter Estatal de Oaxaca denunciaron que el pasado 25 de noviembre, el Comit\u00e9 Ejecutivo dio a conocer que acord\u00f3 con la Secretar\u00eda de Administraci\u00f3n, por supuesta recomendaci\u00f3n de los Servicios de Salud de Oaxaca, la suspensi\u00f3n del proceso que deber\u00eda realizarse en los primeros 10 d\u00edas de diciembre.<\/p>\n\n\n\n<figure class=\"wp-block-embed-twitter wp-block-embed is-type-rich is-provider-twitter\"><div class=\"wp-block-embed__wrapper\">\n<div class=\"twitter-tweet\"><blockquote class=\"twitter-tweet\" data-lang=\"es\"><p lang=\"es\" dir=\"ltr\">Este jueves, un grupo de trabajadores cuestion\u00f3 la decisi\u00f3n de la dirigencia del <a href=\"https:\/\/twitter.com\/STPEIDCEO18_21?ref_src=twsrc%5Etfw\">@STPEIDCEO18_21<\/a> de prologar su gesti\u00f3n bajo el pretexto de la pandemia. Demand\u00f3 elecciones con medidas de sana distancia y que no intervenga <a href=\"https:\/\/twitter.com\/Admon_GobOax?ref_src=twsrc%5Etfw\">@Admon_GobOax<\/a> <a href=\"https:\/\/twitter.com\/German_Espinosa?ref_src=twsrc%5Etfw\">@German_Espinosa<\/a>. <a href=\"https:\/\/t.co\/4iomjGfF2f\">pic.twitter.com\/4iomjGfF2f<\/a><\/p>&mdash; Zona Roja Oaxaca (@MexRoja) <a href=\"https:\/\/twitter.com\/MexRoja\/status\/1334630164056199172?ref_src=twsrc%5Etfw\">3 de diciembre de 2020<\/a><\/blockquote><\/div>\n<\/div><\/figure>\n\n\n\n<p>Se\u00f1alaron que dicha decisi\u00f3n es un acto contra los derechos de los sindicalizados, quienes adem\u00e1s corren el riesgo de perder representatividad jur\u00eddica y social al no contar con un comit\u00e9 ejecutivo, tras vencerse el plazo de la dirigencia actual a cargo de Juan Ignacio Cruz Villavicencio.<\/p>\n\n\n\n<p>En conferencia de prensa, manifestaron su rechazo al acuerdo, por lo que emitieron un oficio para exigir se eche abajo la decisi\u00f3n y se realice la jornada electoral bajo los protocolos sanitarios correspondientes para proteger la salud de los participantes.<\/p>\n\n\n\n<p>Los bur\u00f3cratas denunciaron contubernio de Cruz Villavicencio con el secretario de Administraci\u00f3n, Germ\u00e1n Espinosa Santib\u00e1\u00f1ez; presentaron una propuesta de las medidas de higiene que se podr\u00edan llevar a cabo durante la elecci\u00f3n, as\u00ed como demandaron que el dinero de las cuotas sindicales sea destinado para dicha acci\u00f3n sanitaria.<\/p>\n","protected":false},"excerpt":{"rendered":"<p>Yuridiana Sosa\/Zona Roja. Oaxaca de Ju\u00e1rez, Oax., 3 de diciembre de 2020.- Trabajadores del Gobierno&hellip;<\/p>\n","protected":false},"author":2,"featured_media":20837,"comment_status":"closed","ping_status":"open","sticky":false,"template":"","format":"standard","meta":{"_lmt_disableupdate":"","_lmt_disable":"","_jetpack_memberships_contains_paid_content":false,"footnotes":""},"categories":[109,47],"tags":[1959],"class_list":["post-20836","post","type-post","status-publish","format-standard","has-post-thumbnail","hentry","category-minuto-a-minuto","category-zona-gris","tag-sindicato-de-trabajadores-de-los-poderes-del-estado-e-instituciones-descentralizadas-de-caracter-estatal-de-oaxaca-stpeidceo"],"jetpack_featured_media_url":"https:\/\/zonaroja.com.mx\/wp-content\/uploads\/2020\/12\/Conferencia-burocratas.jpg","jetpack_sharing_enabled":true,"_links":{"self":[{"href":"https:\/\/zonaroja.com.mx\/index.php?rest_route=\/wp\/v2\/posts\/20836","targetHints":{"allow":["GET"]}}],"collection":[{"href":"https:\/\/zonaroja.com.mx\/index.php?rest_route=\/wp\/v2\/posts"}],"about":[{"href":"https:\/\/zonaroja.com.mx\/index.php?rest_route=\/wp\/v2\/types\/post"}],"author":[{"embeddable":true,"href":"https:\/\/zonaroja.com.mx\/index.php?rest_route=\/wp\/v2\/users\/2"}],"replies":[{"embeddable":true,"href":"https:\/\/zonaroja.com.mx\/index.php?rest_route=%2Fwp%2Fv2%2Fcomments&post=20836"}],"version-history":[{"count":1,"href":"https:\/\/zonaroja.com.mx\/index.php?rest_route=\/wp\/v2\/posts\/20836\/revisions"}],"predecessor-version":[{"id":20838,"href":"https:\/\/zonaroja.com.mx\/index.php?rest_route=\/wp\/v2\/posts\/20836\/revisions\/20838"}],"wp:featuredmedia":[{"embeddable":true,"href":"https:\/\/zonaroja.com.mx\/index.php?rest_route=\/wp\/v2\/media\/20837"}],"wp:attachment":[{"href":"https:\/\/zonaroja.com.mx\/index.php?rest_route=%2Fwp%2Fv2%2Fmedia&parent=20836"}],"wp:term":[{"taxonomy":"category","embeddable":true,"href":"https:\/\/zonaroja.com.mx\/index.php?rest_route=%2Fwp%2Fv2%2Fcategories&post=20836"},{"taxonomy":"post_tag","embeddable":true,"href":"https:\/\/zonaroja.com.mx\/index.php?rest_route=%2Fwp%2Fv2%2Ftags&post=20836"}],"curies":[{"name":"wp","href":"https:\/\/api.w.org\/{rel}","templated":true}]}}