{"id":20842,"date":"2020-12-03T22:05:27","date_gmt":"2020-12-04T04:05:27","guid":{"rendered":"http:\/\/www.zonaroja.com.mx\/?p=20842"},"modified":"2020-12-03T22:05:31","modified_gmt":"2020-12-04T04:05:31","slug":"legisladora-responsabiliza-a-dirigente-sindical-de-violencia-de-genero-en-su-contra","status":"publish","type":"post","link":"https:\/\/zonaroja.com.mx\/?p=20842","title":{"rendered":"Legisladora responsabiliza a dirigente sindical de violencia de g\u00e9nero en su contra"},"content":{"rendered":"\n<p>Evlin Arag\u00f3n\/Zona Roja.<\/p>\n\n\n\n<p>Oaxaca de Ju\u00e1rez, Oax., 3 de diciembre de 2020.- \u201cNo voy a permitir, ni tolerar que se me hagan acusaciones falsas, m\u00e1xime si se ven involucrados integrantes de mi familia y m\u00e1s a\u00fan si se trata de menores de edad que nada tienen que ver con mis funciones como representante popular\u201d.<\/p>\n\n\n\n<p>Son las palabras de la diputada local por Morena, Hilda P\u00e9rez Luis, quien denunci\u00f3 una campa\u00f1a de desprestigio en su contra por parte de integrantes del Sindicato de Trabajadores de los Poderes del Estado e Instituciones Descentralizadas de Car\u00e1cter Estatal de Oaxaca (STEPEIDCEO).<\/p>\n\n\n\n<p>Explic\u00f3 que en d\u00edas pasados ha circulado en diversos portales de internet una nota donde se le se\u00f1ala de actos de corrupci\u00f3n y tr\u00e1fico de influencias en los programas sociales del Gobierno Federal para beneficiar a sus familiares, y adem\u00e1s se expone la imagen de una menor de edad, quien es exhibida por agradecer el apoyo otorgado a trav\u00e9s de las becas \u00abBenito Ju\u00e1rez\u00bb.<\/p>\n\n\n\n<p>De acuerdo con la legisladora, dicha informaci\u00f3n sigue siendo compartida de manera dolosa, configur\u00e1ndose en un acto de violencia pol\u00edtica en su contra y de violencia de g\u00e9nero en contra de la menor que nada tiene que ver con la vida p\u00fablica, por lo que podr\u00eda generar consecuencias legales para los agresores.<\/p>\n\n\n\n<p>Ante ello hizo responsable de la campa\u00f1a sucia en su contra a Rafael Herrera y Armando Rodr\u00edguez, conocido como \u201cRoma\u201d, este \u00faltimo quien actualmente se desempe\u00f1a como director de Comunicaci\u00f3n Social del STEPEIDCEO.<\/p>\n\n\n\n<p>\u201cExiste evidencia que desde la p\u00e1gina de Facebook denominada \u2018Panorama Pol\u00edtico de Oaxaca\u2019 que presuntamente se encuentra bajo la direcci\u00f3n general de Rafael Herrera. as\u00ed como de la cuenta personal de \u2018Armando Rodr\u00edguez M.\u2019 conocido como \u201cRoma\u201d se origin\u00f3 y comparti\u00f3 infinidad de veces la nota y el v\u00eddeo en el que se expone a la menor. No omito mencionar que, Armando Rodr\u00edguez, actualmente se desempe\u00f1a como director de Comunicaci\u00f3n Social del STEPEIDCEO\u201d, refiri\u00f3.&nbsp;<\/p>\n\n\n\n<p>P\u00e9rez Luis indic\u00f3 que la violencia en su contra inicio una vez que hizo uso de la tribuna en el Congreso del Estado para denunciar la intromisi\u00f3n del secretario de Administraci\u00f3n, Germ\u00e1n Espinoza Santib\u00e1\u00f1ez, en el proceso interno de elecci\u00f3n de la representaci\u00f3n sindical,&nbsp; y se ha ido agudizando de manera notoria cuando se le mencion\u00f3 en redes sociales como contendiente a la presidencia municipal de Oaxaca de Ju\u00e1rez, lo que a todas luces se traduce como violencia pol\u00edtica.&nbsp;<\/p>\n\n\n\n<p>\u201cEs claro que la violencia contin\u00faa siendo uno de los principales obst\u00e1culos para el ejercicio de los derechos de las mujeres\u201d, dijo.<\/p>\n\n\n\n<p>Por lo anterior, indic\u00f3 que como lo ha hecho en otras ocasiones, alzar\u00e1 la voz ante cualquier tipo de agresi\u00f3n y no permitir\u00e1 que actores pol\u00edticos la intimiden, por ello les record\u00f3 que en caso de aspirar a un cargo p\u00fablico tendr\u00e1n que acreditar una vida decente, decorosa, razonable y justa en la que no hayan ejercido alg\u00fan tipo de violencia pol\u00edtica.&nbsp;<\/p>\n\n\n\n<p>\u201cHe alzado la voz para defender nuestros derechos y lo seguir\u00e9 haciendo, seguir\u00e9 en la defensa f\u00e9rrea del respeto irrestricto a una vida libre de violencia contra las mujeres. Se\u00f1alar\u00e9 una y otra vez lo que est\u00e1 mal. No me van a callar, no me van a intimidar, defender\u00e9 y proteger\u00e9 a mi familia y a quienes lo necesiten\u201d, sentenci\u00f3.&nbsp;<\/p>\n","protected":false},"excerpt":{"rendered":"<p>Evlin Arag\u00f3n\/Zona Roja. Oaxaca de Ju\u00e1rez, Oax., 3 de diciembre de 2020.- \u201cNo voy a&hellip;<\/p>\n","protected":false},"author":2,"featured_media":20843,"comment_status":"closed","ping_status":"open","sticky":false,"template":"","format":"standard","meta":{"_lmt_disableupdate":"","_lmt_disable":"","_jetpack_memberships_contains_paid_content":false,"footnotes":""},"categories":[109,47],"tags":[2267],"class_list":["post-20842","post","type-post","status-publish","format-standard","has-post-thumbnail","hentry","category-minuto-a-minuto","category-zona-gris","tag-hilda-perez-luis"],"jetpack_featured_media_url":"https:\/\/zonaroja.com.mx\/wp-content\/uploads\/2020\/12\/Hilda-Perez-Luis-1.png","jetpack_sharing_enabled":true,"_links":{"self":[{"href":"https:\/\/zonaroja.com.mx\/index.php?rest_route=\/wp\/v2\/posts\/20842","targetHints":{"allow":["GET"]}}],"collection":[{"href":"https:\/\/zonaroja.com.mx\/index.php?rest_route=\/wp\/v2\/posts"}],"about":[{"href":"https:\/\/zonaroja.com.mx\/index.php?rest_route=\/wp\/v2\/types\/post"}],"author":[{"embeddable":true,"href":"https:\/\/zonaroja.com.mx\/index.php?rest_route=\/wp\/v2\/users\/2"}],"replies":[{"embeddable":true,"href":"https:\/\/zonaroja.com.mx\/index.php?rest_route=%2Fwp%2Fv2%2Fcomments&post=20842"}],"version-history":[{"count":1,"href":"https:\/\/zonaroja.com.mx\/index.php?rest_route=\/wp\/v2\/posts\/20842\/revisions"}],"predecessor-version":[{"id":20844,"href":"https:\/\/zonaroja.com.mx\/index.php?rest_route=\/wp\/v2\/posts\/20842\/revisions\/20844"}],"wp:featuredmedia":[{"embeddable":true,"href":"https:\/\/zonaroja.com.mx\/index.php?rest_route=\/wp\/v2\/media\/20843"}],"wp:attachment":[{"href":"https:\/\/zonaroja.com.mx\/index.php?rest_route=%2Fwp%2Fv2%2Fmedia&parent=20842"}],"wp:term":[{"taxonomy":"category","embeddable":true,"href":"https:\/\/zonaroja.com.mx\/index.php?rest_route=%2Fwp%2Fv2%2Fcategories&post=20842"},{"taxonomy":"post_tag","embeddable":true,"href":"https:\/\/zonaroja.com.mx\/index.php?rest_route=%2Fwp%2Fv2%2Ftags&post=20842"}],"curies":[{"name":"wp","href":"https:\/\/api.w.org\/{rel}","templated":true}]}}