{"id":20848,"date":"2020-12-04T08:03:30","date_gmt":"2020-12-04T14:03:30","guid":{"rendered":"http:\/\/www.zonaroja.com.mx\/?p=20848"},"modified":"2020-12-04T08:03:35","modified_gmt":"2020-12-04T14:03:35","slug":"al-alza-crimenes-de-odio-fiscalia-rezagada-en-la-procuracion-de-justicia","status":"publish","type":"post","link":"https:\/\/zonaroja.com.mx\/?p=20848","title":{"rendered":"Al alza, cr\u00edmenes de odio; Fiscal\u00eda rezagada en la procuraci\u00f3n de justicia"},"content":{"rendered":"\n<p>Evlin Arag\u00f3n\/Zona Roja.<\/p>\n\n\n\n<p>Oaxaca de Ju\u00e1rez, Oax., 4 de diciembre de 2020.- La pandemia en Oaxaca ha dejado al descubierto la violencia en contra de las mujeres y tambi\u00e9n hacia la comunidad transexual; en lo que va del a\u00f1o, tienen el registro de al menos ocho agresiones.<\/p>\n\n\n\n<p>Muestra de los ataques morales son los recientes asesinatos de Geovanna y \u201cShirley\u201d, as\u00ed como la desaparici\u00f3n de Amairani, mejor conocida como \u201cLa Chiquis\u201d, en Puerto Escondido, cuyo paradero se desconoce desde noviembre del 2018.\u00a0<\/p>\n\n\n\n<p>As\u00ed lo dio a conocer Jes\u00fas Yoshio Morales Ram\u00edrez, integrante del Colectivo Oaxaca Vecinal y activista de la comunidad LGBT, quien manifest\u00f3 que se trata de una problem\u00e1tica preocupante ya que las poblaciones que han sido hist\u00f3ricamente vulneradas, siguen siendo mayormente afectadas con la violencia estructural.&nbsp;<\/p>\n\n\n\n<p>\u201cLa violencia ha aumentado al interior de las familias y en las calles, las poblaciones trans se han visto seriamente afectadas. Si para las mujeres muchas veces no existe justicia, para las compa\u00f1eras trans es mucho m\u00e1s complejo\u201d, dijo.&nbsp;<\/p>\n\n\n\n<p>Por lo anterior, se uni\u00f3 al llamado de justicia que han hecho las familias y amistades de ambas mujeres, ya que en el caso de Geovanna est\u00e1 identificado el presunto agresor y no se ha iniciado el procedimiento penal en su contra.<\/p>\n\n\n\n<p>Al respecto, explic\u00f3 que, en una reciente reuni\u00f3n con el fiscal General del Estado, Rub\u00e9n Vasconcelos M\u00e9ndez, \u00e9ste se comprometi\u00f3 a capacitar a su personal y atender de forma inmediata los asesinatos de odio en contra de la comunidad LGBT; sin embargo, ante la solicitud de iniciar el procedimiento en contra del presunto responsable del asesinato de Geovanna, dio como respuesta un \u201cLo voy a ver\u201d.<\/p>\n\n\n\n<p>\u201cNo sabemos que est\u00e1 esperando para hacer p\u00fablica la imagen de la persona que ha sido se\u00f1alada como principal sospechoso del asesinato de Geovanna y tomar las medidas necesarias\u201d, dijo.<\/p>\n\n\n\n<p>Ante la insistencia de avances en los casos de agresiones y asesinatos en contra de la comunidad LGBT, el fiscal se comprometi\u00f3 a instalar mesa de trabajo para conocer los avances de cada uno de los casos, por lo que est\u00e1n a la espera de que se cumpla dicho acuerdo.<\/p>\n\n\n\n<p>Para Morales Ram\u00edrez, un mayor compromiso y voluntad pol\u00edtica por parte de las autoridades no es lo \u00fanico que hace falta para erradicar los cr\u00edmenes de odio, tambi\u00e9n es necesaria la empat\u00eda de la sociedad hacia las comunidades de identidad y sexualidad diversa, toda vez que la discriminaci\u00f3n, el racismo y el clasismo siguen siendo una constante que vulnera en mayor medida a la comunidad LGBT.<\/p>\n\n\n\n<figure class=\"wp-block-image size-large\"><img decoding=\"async\" width=\"993\" height=\"787\" src=\"http:\/\/www.zonaroja.com.mx\/wp-content\/uploads\/2020\/12\/Geovana-3.jpg\" alt=\"\" class=\"wp-image-20850\" srcset=\"https:\/\/zonaroja.com.mx\/wp-content\/uploads\/2020\/12\/Geovana-3.jpg 993w, https:\/\/zonaroja.com.mx\/wp-content\/uploads\/2020\/12\/Geovana-3-300x238.jpg 300w, https:\/\/zonaroja.com.mx\/wp-content\/uploads\/2020\/12\/Geovana-3-768x609.jpg 768w, https:\/\/zonaroja.com.mx\/wp-content\/uploads\/2020\/12\/Geovana-3-585x464.jpg 585w\" sizes=\"(max-width: 993px) 100vw, 993px\" \/><\/figure>\n\n\n\n<p>CRECIENTES AGRESIONES<\/p>\n\n\n\n<p>La falta de legislaci\u00f3n en beneficio de la poblaci\u00f3n trans ha derivado en que no existan cifras en torno a las agresiones en su contra, por el contrario, la mayor\u00eda de los asesinatos son incluidos en la lista general de homicidios, situaci\u00f3n que complica dimensionar la problem\u00e1tica, lo cual asegura no quiere decir que sea menos grave ya que de forma cercana tienen registro de ocho casos en lo que va del a\u00f1o.&nbsp;<\/p>\n\n\n\n<p>Y aunque manifest\u00f3 que est\u00e1 pendiente que se incluya el tema de trans feminicidios en la ley, la realidad es que hay normatividad suficiente en torno a la igualdad y no discriminaci\u00f3n que se tendr\u00eda que hacer efectiva por parte de las autoridades para cualquier persona, sin embargo, al no utilizarse se convierten en letra muerta.&nbsp;&nbsp;<\/p>\n\n\n\n<p>&nbsp;\u201cEs bastaste complejo el tema, porque a\u00fan etanos en resistencia y porque ahora somos m\u00e1s visibles en realidad, lo cual nos pone en un doble riesgo al cuestionar la estructura del sistema y este responde con violencia para someternos\u201d, sentenci\u00f3.<\/p>\n\n\n\n<p>Y aunque no hay cifras espec\u00edficas en la entidad oaxaque\u00f1a, la realidad es que, a nivel mundial, M\u00e9xico es el segundo pa\u00eds con m\u00e1s asesinatos de personas trans, de acuerdo con la Asociaci\u00f3n Internacional de Lesbianas, Gays, Bisexuales, Trans e Intersex para Am\u00e9rica Latina y el Caribe (ILGA-LAC).<\/p>\n\n\n\n<p>Del 1 de enero al 30 de junio de 2020, se reportaron 69 cr\u00edmenes de odio donde la orientaci\u00f3n sexual, identidad o expresi\u00f3n de g\u00e9nero fueron utilizados como pretexto para la vulneraci\u00f3n de derechos, seg\u00fan el Observatorio Nacional de Cr\u00edmenes de Odio LGBT+.<\/p>\n","protected":false},"excerpt":{"rendered":"<p>Evlin Arag\u00f3n\/Zona Roja. Oaxaca de Ju\u00e1rez, Oax., 4 de diciembre de 2020.- La pandemia en&hellip;<\/p>\n","protected":false},"author":2,"featured_media":20849,"comment_status":"closed","ping_status":"open","sticky":false,"template":"","format":"standard","meta":{"_lmt_disableupdate":"","_lmt_disable":"","_jetpack_memberships_contains_paid_content":false,"footnotes":""},"categories":[109,47],"tags":[2268],"class_list":["post-20848","post","type-post","status-publish","format-standard","has-post-thumbnail","hentry","category-minuto-a-minuto","category-zona-gris","tag-geovanna-angulo-ramos"],"jetpack_featured_media_url":"https:\/\/zonaroja.com.mx\/wp-content\/uploads\/2020\/12\/Geovanna-sepelio.jpg","jetpack_sharing_enabled":true,"_links":{"self":[{"href":"https:\/\/zonaroja.com.mx\/index.php?rest_route=\/wp\/v2\/posts\/20848","targetHints":{"allow":["GET"]}}],"collection":[{"href":"https:\/\/zonaroja.com.mx\/index.php?rest_route=\/wp\/v2\/posts"}],"about":[{"href":"https:\/\/zonaroja.com.mx\/index.php?rest_route=\/wp\/v2\/types\/post"}],"author":[{"embeddable":true,"href":"https:\/\/zonaroja.com.mx\/index.php?rest_route=\/wp\/v2\/users\/2"}],"replies":[{"embeddable":true,"href":"https:\/\/zonaroja.com.mx\/index.php?rest_route=%2Fwp%2Fv2%2Fcomments&post=20848"}],"version-history":[{"count":1,"href":"https:\/\/zonaroja.com.mx\/index.php?rest_route=\/wp\/v2\/posts\/20848\/revisions"}],"predecessor-version":[{"id":20851,"href":"https:\/\/zonaroja.com.mx\/index.php?rest_route=\/wp\/v2\/posts\/20848\/revisions\/20851"}],"wp:featuredmedia":[{"embeddable":true,"href":"https:\/\/zonaroja.com.mx\/index.php?rest_route=\/wp\/v2\/media\/20849"}],"wp:attachment":[{"href":"https:\/\/zonaroja.com.mx\/index.php?rest_route=%2Fwp%2Fv2%2Fmedia&parent=20848"}],"wp:term":[{"taxonomy":"category","embeddable":true,"href":"https:\/\/zonaroja.com.mx\/index.php?rest_route=%2Fwp%2Fv2%2Fcategories&post=20848"},{"taxonomy":"post_tag","embeddable":true,"href":"https:\/\/zonaroja.com.mx\/index.php?rest_route=%2Fwp%2Fv2%2Ftags&post=20848"}],"curies":[{"name":"wp","href":"https:\/\/api.w.org\/{rel}","templated":true}]}}