{"id":2085,"date":"2019-07-07T13:36:55","date_gmt":"2019-07-07T18:36:55","guid":{"rendered":"http:\/\/www.zonaroja.com.mx\/?p=2085"},"modified":"2019-07-07T13:36:57","modified_gmt":"2019-07-07T18:36:57","slug":"impide-san-dionisio-ocotepec-libre-transito-a-san-pablo-guila","status":"publish","type":"post","link":"https:\/\/zonaroja.com.mx\/?p=2085","title":{"rendered":"Impide San Dionisio Ocotepec libre tr\u00e1nsito a San Pablo G\u00fcil\u00e1"},"content":{"rendered":"\n<p>Redacci\u00f3n<\/p>\n\n\n\n<p>Oaxaca de\nJu\u00e1rez, Oax., 7 de julio de 2019.- Autoridades y asamblea de San Dionisio\nOcotepec determinaron aislar por 24 horas a San Pablo G\u00fcil\u00e1, agencia de\nSantiago Matatl\u00e1n, lo que mantiene una alerta por posibles enfrentamientos.<\/p>\n\n\n\n<p>El bloqueo hacia\ndicha se prev\u00e9 retirar a la media noche y los habitantes de ese municipio, del\ndistrito de Tlacolula, mantienen tambi\u00e9n el cierre de la v\u00eda de acceso.<\/p>\n\n\n\n<p>Ambos\npueblos enfrentan un conflicto agrario, en una zona que incluye el \u00e1rea donde\nse instal\u00f3 una antena terrestre, que este d\u00eda est\u00e1 siendo derribado.<\/p>\n\n\n\n<p>Mediante\noficio de fecha 6 de julio y tras reiterarle \u201cla amistad\u201d entre ambos pueblos,\nSan Dionisio notific\u00f3 a los integrantes del Comisariado Ejidal de G\u00fcil\u00e1 que \u201ccolaboren\u201d\npara evitar transitar la fracci\u00f3n de carretera San Dionisio-Ocotl\u00e1n de Morelos.<\/p>\n\n\n\n<p>As\u00ed tambi\u00e9n\npor el tramo de terracer\u00eda que conduce de San Dionisio a Santiago Matatl\u00e1n, \u201caclarando\nque esta medida es para todo tipo de transporte p\u00fablico o privado, taxis,\ncamiones, mototaxis, motocicletas, bicicletas, etc.\u201d.<\/p>\n\n\n\n<p>Igualmente,\nle remarca que eso no implica \u201cuna privaci\u00f3n ilegal de la libertad de tr\u00e1nsito\nde sus pobladores, sino como una medida de colaboraci\u00f3n de su comunidad a la\nnuestra, en raz\u00f3n de una actividad comunitaria de trascendencia, que se\nefectuar\u00e1 en nuestro pueblo en la defensa de nuestro territorio\u201d.<\/p>\n\n\n\n<p>Este\ndomingo, de acuerdo con reportes de la Polic\u00eda Estatal, los pobladores\nmantienen un bloqueo a la carretera a San Dionisio entronque con la v\u00eda 190, en\ntanto derriban con maquinaria un \u00e1rea donde se coloc\u00f3 una antena, en un punto\ntrino con G\u00fcil\u00e1 y Matatl\u00e1n.<\/p>\n","protected":false},"excerpt":{"rendered":"<p>Redacci\u00f3n Oaxaca de Ju\u00e1rez, Oax., 7 de julio de 2019.- Autoridades y asamblea de San&hellip;<\/p>\n","protected":false},"author":2,"featured_media":2086,"comment_status":"closed","ping_status":"open","sticky":false,"template":"","format":"standard","meta":{"_lmt_disableupdate":"","_lmt_disable":"","_jetpack_memberships_contains_paid_content":false,"footnotes":""},"categories":[109,47],"tags":[],"class_list":["post-2085","post","type-post","status-publish","format-standard","has-post-thumbnail","hentry","category-minuto-a-minuto","category-zona-gris"],"jetpack_featured_media_url":"https:\/\/zonaroja.com.mx\/wp-content\/uploads\/2019\/07\/PHOTO-2019-07-07-12-00-07.jpg","jetpack_sharing_enabled":true,"_links":{"self":[{"href":"https:\/\/zonaroja.com.mx\/index.php?rest_route=\/wp\/v2\/posts\/2085","targetHints":{"allow":["GET"]}}],"collection":[{"href":"https:\/\/zonaroja.com.mx\/index.php?rest_route=\/wp\/v2\/posts"}],"about":[{"href":"https:\/\/zonaroja.com.mx\/index.php?rest_route=\/wp\/v2\/types\/post"}],"author":[{"embeddable":true,"href":"https:\/\/zonaroja.com.mx\/index.php?rest_route=\/wp\/v2\/users\/2"}],"replies":[{"embeddable":true,"href":"https:\/\/zonaroja.com.mx\/index.php?rest_route=%2Fwp%2Fv2%2Fcomments&post=2085"}],"version-history":[{"count":1,"href":"https:\/\/zonaroja.com.mx\/index.php?rest_route=\/wp\/v2\/posts\/2085\/revisions"}],"predecessor-version":[{"id":2087,"href":"https:\/\/zonaroja.com.mx\/index.php?rest_route=\/wp\/v2\/posts\/2085\/revisions\/2087"}],"wp:featuredmedia":[{"embeddable":true,"href":"https:\/\/zonaroja.com.mx\/index.php?rest_route=\/wp\/v2\/media\/2086"}],"wp:attachment":[{"href":"https:\/\/zonaroja.com.mx\/index.php?rest_route=%2Fwp%2Fv2%2Fmedia&parent=2085"}],"wp:term":[{"taxonomy":"category","embeddable":true,"href":"https:\/\/zonaroja.com.mx\/index.php?rest_route=%2Fwp%2Fv2%2Fcategories&post=2085"},{"taxonomy":"post_tag","embeddable":true,"href":"https:\/\/zonaroja.com.mx\/index.php?rest_route=%2Fwp%2Fv2%2Ftags&post=2085"}],"curies":[{"name":"wp","href":"https:\/\/api.w.org\/{rel}","templated":true}]}}