{"id":20859,"date":"2020-12-04T14:18:04","date_gmt":"2020-12-04T20:18:04","guid":{"rendered":"https:\/\/www.zonaroja.com.mx\/?p=20859"},"modified":"2020-12-04T14:18:06","modified_gmt":"2020-12-04T20:18:06","slug":"vuelven-a-cerrar-ruinas-de-monte-alban-ahora-recorte-presupuestal","status":"publish","type":"post","link":"https:\/\/zonaroja.com.mx\/?p=20859","title":{"rendered":"Vuelven a cerrar ruinas de Monte Alb\u00e1n, ahora recorte presupuestal"},"content":{"rendered":"\n<p class=\"MsoNormal\"> Yuridiana Sosa\/Zona Roja. <\/p>\n\n\n\n<p class=\"MsoNormal\">Oaxaca de Ju\u00e1rez, Oax., 4 de diciembre de 2020.- Trabajadores de la zona arqueol\u00f3gica de Monte Alb\u00e1n, en los Valles Centrales de Oaxaca, se manifestaron esta ma\u00f1ana en rechazo al recorte al presupuesto 2021 para el Instituto Nacional de Antropolog\u00eda e Historia (INAH).<\/p>\n\n\n\n<p class=\"MsoNormal\">Por un lapso de dos horas, los integrantes de la Secci\u00f3n Oaxaca del Sindicato Nacional Democr\u00e1tico de los Trabajadores de la Secretar\u00eda de Cultura, cerraron el camino que conecta a la zona, en apoyo al movimiento nacional que se realiza contra el decremento en los recursos.<\/p>\n\n\n\n<p class=\"MsoNormal\">\u201cLos trabajadores tenemos compromiso, pero nos falta presupuesto\u201d, \u201cDeficiente gesti\u00f3n de recursos para el INAH\u201d, fueron parte de sus expresiones en protesta por medio de pancartas que instalaron en la pluma del camino.<\/p>\n\n\n\n<p class=\"MsoNormal\">El secretario general de la Secci\u00f3n en Oaxaca, Omar Bautista, mencion\u00f3 que el INAH mantiene un d\u00e9ficit en sus recursos de m\u00e1s de mil millones de pesos, pero de continuar con los recortes, ser\u00e1 complicado mantener las labores de operatividad, investigaci\u00f3n, conservaci\u00f3n y protecci\u00f3n del patrimonio cultural.<\/p>\n\n\n\n<p class=\"MsoNormal\">Ante esa situaci\u00f3n, que afecta a miles de trabajadores, exigieron al gobierno estatal y&nbsp; los legisladores a analizar la situaci\u00f3n y evitar ajustes en el presupuesto que atenten contra la labor que se ejerce desde el INAH.<\/p>\n\n\n\n<p class=\"MsoNormal\">La protesta en Oaxaca s\u00f3lo se realiz\u00f3 en Monte Alb\u00e1n, el \u00fanico sitio en la entidad que abri\u00f3 sus puertas al p\u00fablico la semana pasada. El servicio al turismo se ofreci\u00f3 de forma normal <a href=\"\/\/2\">a partir de las 10:00<\/a> horas.<\/p>\n","protected":false},"excerpt":{"rendered":"<p>Yuridiana Sosa\/Zona Roja. Oaxaca de Ju\u00e1rez, Oax., 4 de diciembre de 2020.- Trabajadores de la&hellip;<\/p>\n","protected":false},"author":2,"featured_media":20858,"comment_status":"closed","ping_status":"open","sticky":false,"template":"","format":"standard","meta":{"_lmt_disableupdate":"","_lmt_disable":"","_jetpack_memberships_contains_paid_content":false,"footnotes":""},"categories":[109,47],"tags":[],"class_list":["post-20859","post","type-post","status-publish","format-standard","has-post-thumbnail","hentry","category-minuto-a-minuto","category-zona-gris"],"jetpack_featured_media_url":"https:\/\/zonaroja.com.mx\/wp-content\/uploads\/2020\/12\/ef416c62-085e-4149-82ae-a119307c2b8f.jpg","jetpack_sharing_enabled":true,"_links":{"self":[{"href":"https:\/\/zonaroja.com.mx\/index.php?rest_route=\/wp\/v2\/posts\/20859","targetHints":{"allow":["GET"]}}],"collection":[{"href":"https:\/\/zonaroja.com.mx\/index.php?rest_route=\/wp\/v2\/posts"}],"about":[{"href":"https:\/\/zonaroja.com.mx\/index.php?rest_route=\/wp\/v2\/types\/post"}],"author":[{"embeddable":true,"href":"https:\/\/zonaroja.com.mx\/index.php?rest_route=\/wp\/v2\/users\/2"}],"replies":[{"embeddable":true,"href":"https:\/\/zonaroja.com.mx\/index.php?rest_route=%2Fwp%2Fv2%2Fcomments&post=20859"}],"version-history":[{"count":1,"href":"https:\/\/zonaroja.com.mx\/index.php?rest_route=\/wp\/v2\/posts\/20859\/revisions"}],"predecessor-version":[{"id":20860,"href":"https:\/\/zonaroja.com.mx\/index.php?rest_route=\/wp\/v2\/posts\/20859\/revisions\/20860"}],"wp:featuredmedia":[{"embeddable":true,"href":"https:\/\/zonaroja.com.mx\/index.php?rest_route=\/wp\/v2\/media\/20858"}],"wp:attachment":[{"href":"https:\/\/zonaroja.com.mx\/index.php?rest_route=%2Fwp%2Fv2%2Fmedia&parent=20859"}],"wp:term":[{"taxonomy":"category","embeddable":true,"href":"https:\/\/zonaroja.com.mx\/index.php?rest_route=%2Fwp%2Fv2%2Fcategories&post=20859"},{"taxonomy":"post_tag","embeddable":true,"href":"https:\/\/zonaroja.com.mx\/index.php?rest_route=%2Fwp%2Fv2%2Ftags&post=20859"}],"curies":[{"name":"wp","href":"https:\/\/api.w.org\/{rel}","templated":true}]}}