{"id":20861,"date":"2020-12-04T16:16:11","date_gmt":"2020-12-04T22:16:11","guid":{"rendered":"http:\/\/www.zonaroja.com.mx\/?p=20861"},"modified":"2020-12-04T16:16:15","modified_gmt":"2020-12-04T22:16:15","slug":"denuncia-comunidad-lgbti-mas-de-70-transfeminicidios-en-dos-anos-en-oaxaca","status":"publish","type":"post","link":"https:\/\/zonaroja.com.mx\/?p=20861","title":{"rendered":"Denuncia comunidad LGBTI+ m\u00e1s de 70 transfeminicidios en dos a\u00f1os en Oaxaca"},"content":{"rendered":"\n<p>Yuridiana Sosa\/Zona Roja.<\/p>\n\n\n\n<p>Oaxaca de Ju\u00e1rez, Oax., 4 de diciembre de 2020.- Integrantes de colectivos de la diversidad sexual y amigos de Geovanna, mujer trans localizada sin vida el pasado 30 de noviembre, protestaron hoy para exigir a la Fiscal\u00eda General de Oaxaca justicia por al menos 70 asesinatos ocurridos en el transcurso de dos a\u00f1os contra ese sector.<\/p>\n\n\n\n<p>Geovanna fue v\u00edctima de un probable crimen por raz\u00f3n de g\u00e9nero luego de reportarse como desaparecida desde el 25 de noviembre en el municipio de San Agust\u00edn, Etla, pero a menos de 24 horas de darse a conocer se su muerte, otra compa\u00f1era identificada como \u201cSherlyn\u201d, tambi\u00e9n mujer trans, fue asesinada en su establecimiento comercial en el barrio Ex Marquesado de la capital oaxaque\u00f1a.<\/p>\n\n\n\n<p>Ante los m\u00e1s recientes cr\u00edmenes, los colectivos defensores de las personas que integran la comunidad de la diversidad sexual se organizaron para demandar una mesa de di\u00e1logo con autoridades de la Fiscal\u00eda de Oaxaca para que los casos se esclarezcan y no queden como una carpeta de investigaci\u00f3n m\u00e1s archivada.<\/p>\n\n\n\n<p>\u201c\u00a1Justicia para todas, sin importar el g\u00e9nero!\u201d \u201c\u00a1No son muertas, son asesinadas!\u201d, gritaron las inconformes, quienes tambi\u00e9n se posicionaron contra los feminicidios en Oaxaca.<\/p>\n\n\n\n<figure class=\"wp-block-embed-twitter wp-block-embed is-type-rich is-provider-twitter\"><div class=\"wp-block-embed__wrapper\">\n<div class=\"twitter-tweet\"><blockquote class=\"twitter-tweet\" data-lang=\"es\"><p lang=\"es\" dir=\"ltr\"><a href=\"https:\/\/twitter.com\/hashtag\/ENVIVO?src=hash&amp;ref_src=twsrc%5Etfw\">#ENVIVO<\/a><br>Oaxaca de Ju\u00e1rez, Oax., 4 de diciembre de 2020.- Marcha de grupos de la diversidad sexual para exigir justicia por los recientes cr\u00edmenes, de Geovanna y de \u201cSherlyn\u201d.  <br><br>Siga aqu\u00ed la transmisi\u00f3n: <br>\ud83d\udc47<a href=\"https:\/\/t.co\/yQrZhKaExO\">https:\/\/t.co\/yQrZhKaExO<\/a> <a href=\"https:\/\/t.co\/Qnq42jHo21\">pic.twitter.com\/Qnq42jHo21<\/a><\/p>&mdash; Zona Roja Oaxaca (@MexRoja) <a href=\"https:\/\/twitter.com\/MexRoja\/status\/1334924606520627200?ref_src=twsrc%5Etfw\">4 de diciembre de 2020<\/a><\/blockquote><\/div>\n<\/div><\/figure>\n\n\n\n<p>Karla Hern\u00e1ndez, presidenta del Colectivo Regional Trans Oaxaca, al que pertenec\u00edan las v\u00edctimas, se\u00f1al\u00f3 que las leyes que las protegen no se han ejercido, por lo que es necesario volver a manifestarse para visibilizar los actos en su contra y cesar los actos de odio, al que se le suma la desaparici\u00f3n.<\/p>\n\n\n\n<p>En el transcurso de dos a\u00f1os, se han registrado al menos unos 70 homicidios contra la comunidad LGBTI en Oaxaca, de los cuales no tienen conocimiento de avances sobre las investigaciones de los casos, ni de justicia.<\/p>\n\n\n\n<p>Las manifestantes se movilizaron de manera pac\u00edfica de la fuente de las Ocho Regiones, en la colonia Reforma, al z\u00f3calo de la capital; vistieron de blanco y se acompa\u00f1aron de la fotograf\u00eda de Geovanna y la bandera que identifica a la comunidad trans.<\/p>\n\n\n\n<figure class=\"wp-block-embed-twitter wp-block-embed is-type-rich is-provider-twitter\"><div class=\"wp-block-embed__wrapper\">\n<div class=\"twitter-tweet\"><blockquote class=\"twitter-tweet\" data-lang=\"es\"><p lang=\"es\" dir=\"ltr\"><a href=\"https:\/\/twitter.com\/hashtag\/JusticiaParaGeovanna?src=hash&amp;ref_src=twsrc%5Etfw\">#JusticiaParaGeovanna<\/a> <a href=\"https:\/\/twitter.com\/hashtag\/JusticiaParaSherly?src=hash&amp;ref_src=twsrc%5Etfw\">#JusticiaParaSherly<\/a> <br>Con mitin frente al Palacio de Gobierno de <a href=\"https:\/\/twitter.com\/hashtag\/Oaxaca?src=hash&amp;ref_src=twsrc%5Etfw\">#Oaxaca<\/a> y con exigencias de un alto a los cr\u00edmenes de odio, culmin\u00f3 la marcha de un grupo de personas de la diversidad sexual. <a href=\"https:\/\/t.co\/jXXMvVjyVj\">pic.twitter.com\/jXXMvVjyVj<\/a><\/p>&mdash; Zona Roja Oaxaca (@MexRoja) <a href=\"https:\/\/twitter.com\/MexRoja\/status\/1334942225495633920?ref_src=twsrc%5Etfw\">4 de diciembre de 2020<\/a><\/blockquote><\/div>\n<\/div><\/figure>\n","protected":false},"excerpt":{"rendered":"<p>Yuridiana Sosa\/Zona Roja. Oaxaca de Ju\u00e1rez, Oax., 4 de diciembre de 2020.- Integrantes de colectivos&hellip;<\/p>\n","protected":false},"author":2,"featured_media":20862,"comment_status":"closed","ping_status":"open","sticky":false,"template":"","format":"standard","meta":{"_lmt_disableupdate":"","_lmt_disable":"","_jetpack_memberships_contains_paid_content":false,"footnotes":""},"categories":[1],"tags":[],"class_list":["post-20861","post","type-post","status-publish","format-standard","has-post-thumbnail","hentry","category-sin-categoria"],"jetpack_featured_media_url":"https:\/\/zonaroja.com.mx\/wp-content\/uploads\/2020\/12\/Marcha-transgeneros.jpg","jetpack_sharing_enabled":true,"_links":{"self":[{"href":"https:\/\/zonaroja.com.mx\/index.php?rest_route=\/wp\/v2\/posts\/20861","targetHints":{"allow":["GET"]}}],"collection":[{"href":"https:\/\/zonaroja.com.mx\/index.php?rest_route=\/wp\/v2\/posts"}],"about":[{"href":"https:\/\/zonaroja.com.mx\/index.php?rest_route=\/wp\/v2\/types\/post"}],"author":[{"embeddable":true,"href":"https:\/\/zonaroja.com.mx\/index.php?rest_route=\/wp\/v2\/users\/2"}],"replies":[{"embeddable":true,"href":"https:\/\/zonaroja.com.mx\/index.php?rest_route=%2Fwp%2Fv2%2Fcomments&post=20861"}],"version-history":[{"count":1,"href":"https:\/\/zonaroja.com.mx\/index.php?rest_route=\/wp\/v2\/posts\/20861\/revisions"}],"predecessor-version":[{"id":20863,"href":"https:\/\/zonaroja.com.mx\/index.php?rest_route=\/wp\/v2\/posts\/20861\/revisions\/20863"}],"wp:featuredmedia":[{"embeddable":true,"href":"https:\/\/zonaroja.com.mx\/index.php?rest_route=\/wp\/v2\/media\/20862"}],"wp:attachment":[{"href":"https:\/\/zonaroja.com.mx\/index.php?rest_route=%2Fwp%2Fv2%2Fmedia&parent=20861"}],"wp:term":[{"taxonomy":"category","embeddable":true,"href":"https:\/\/zonaroja.com.mx\/index.php?rest_route=%2Fwp%2Fv2%2Fcategories&post=20861"},{"taxonomy":"post_tag","embeddable":true,"href":"https:\/\/zonaroja.com.mx\/index.php?rest_route=%2Fwp%2Fv2%2Ftags&post=20861"}],"curies":[{"name":"wp","href":"https:\/\/api.w.org\/{rel}","templated":true}]}}