{"id":20865,"date":"2020-12-04T16:53:31","date_gmt":"2020-12-04T22:53:31","guid":{"rendered":"http:\/\/www.zonaroja.com.mx\/?p=20865"},"modified":"2020-12-04T16:53:36","modified_gmt":"2020-12-04T22:53:36","slug":"sepultan-a-marino-localizado-tras-30-meses-desaparecido-en-oaxaca","status":"publish","type":"post","link":"https:\/\/zonaroja.com.mx\/?p=20865","title":{"rendered":"Sepultan a marino localizado tras 30 meses desaparecido en Oaxaca"},"content":{"rendered":"\n<p>Redacci\u00f3n\/Zona Roja Cdmx.<\/p>\n\n\n\n<p>Ciudad de M\u00e9xico, 4 de diciembre de 2020.- Bruno Alonso Avenda\u00f1o Mart\u00ednez, marino activo originario de Oaxaca, quien estuvo 30 meses desaparecido, fue despedido por su familiares en la finca Santa Teresa, en Tehuantepec, despu\u00e9s de que fue hallado por autoridades de justicia estatales en una fosa clandestina el 12 de noviembre en los l\u00edmites con el municipio de Salina Cruz.<\/p>\n\n\n\n<p>El joven de 34 a\u00f1os, era polic\u00eda naval general de la Secretar\u00eda de Marina desde hace 6 a\u00f1os, lleg\u00f3 a casa el viernes 4 de mayo de 2018 para disfrutar su periodo vacacional y el 10 de mayo despu\u00e9s de trabajar en el huerto de su madre, alrededor del mediod\u00eda se iba con Don Goyo, operador de un volteo amarillo Ford 1980 a cargar material de construcci\u00f3n de una cribadora en la Villa de San Blas Atempa, pero desapareci\u00f3 en una zona llamada \u201cel manguito\u201d.<\/p>\n\n\n\n<p>Desde su desaparici\u00f3n, sus familiares, especialmente su hermano Lukas Avenda\u00f1o, artista y performance zapoteca, lo busc\u00f3 por todos los medios y en todas partes.<\/p>\n\n\n\n<p>Antes de sepultarlo, los restos de Bruno fueron llevados a la capilla de Santa Teresa de Jes\u00fas, una banda de m\u00fasica encabez\u00f3 su cortejo f\u00fanebre y lo acompa\u00f1aron su mam\u00e1, hermanos y amigos.<\/p>\n\n\n\n<p>Para Lukas, su hermano, el tener de vuelta a Bruno en su casa, es una \u201c buena noticia\u201d en medio del dolor que significa verlo por \u00faltima vez y ahora, dijo, lo que sigue es la exigencia de justicia y que las autoridades esclarezcan su homicidio y desaparici\u00f3n forzada.<\/p>\n\n\n\n<p>Reconoci\u00f3 adem\u00e1s el acompa\u00f1amiento colectivo local e internacional que tuvieron \u00e9l y su familia durante estos dos a\u00f1os y medio de b\u00fasqueda.<\/p>\n\n\n\n<p>Recalc\u00f3 que nadie, \u201cning\u00fan ser humano por ning\u00fan motivo debe desaparecer\u201d y que este hecho deber\u00e1 castigarse con todo el peso de la ley, por eso ahora el siguiente paso, recalc\u00f3, es lograr que haya justicia.<\/p>\n\n\n\n<p>(Informaci\u00f3n del diario \u201cLa Jornada\u201d)<\/p>\n","protected":false},"excerpt":{"rendered":"<p>Redacci\u00f3n\/Zona Roja Cdmx. Ciudad de M\u00e9xico, 4 de diciembre de 2020.- Bruno Alonso Avenda\u00f1o Mart\u00ednez,&hellip;<\/p>\n","protected":false},"author":2,"featured_media":20866,"comment_status":"closed","ping_status":"open","sticky":false,"template":"","format":"standard","meta":{"_lmt_disableupdate":"","_lmt_disable":"","_jetpack_memberships_contains_paid_content":false,"footnotes":""},"categories":[109,47],"tags":[2273],"class_list":["post-20865","post","type-post","status-publish","format-standard","has-post-thumbnail","hentry","category-minuto-a-minuto","category-zona-gris","tag-bruno-avendano-martinez"],"jetpack_featured_media_url":"https:\/\/zonaroja.com.mx\/wp-content\/uploads\/2020\/12\/Bruno-Avendano-Martinez.png","jetpack_sharing_enabled":true,"_links":{"self":[{"href":"https:\/\/zonaroja.com.mx\/index.php?rest_route=\/wp\/v2\/posts\/20865","targetHints":{"allow":["GET"]}}],"collection":[{"href":"https:\/\/zonaroja.com.mx\/index.php?rest_route=\/wp\/v2\/posts"}],"about":[{"href":"https:\/\/zonaroja.com.mx\/index.php?rest_route=\/wp\/v2\/types\/post"}],"author":[{"embeddable":true,"href":"https:\/\/zonaroja.com.mx\/index.php?rest_route=\/wp\/v2\/users\/2"}],"replies":[{"embeddable":true,"href":"https:\/\/zonaroja.com.mx\/index.php?rest_route=%2Fwp%2Fv2%2Fcomments&post=20865"}],"version-history":[{"count":1,"href":"https:\/\/zonaroja.com.mx\/index.php?rest_route=\/wp\/v2\/posts\/20865\/revisions"}],"predecessor-version":[{"id":20867,"href":"https:\/\/zonaroja.com.mx\/index.php?rest_route=\/wp\/v2\/posts\/20865\/revisions\/20867"}],"wp:featuredmedia":[{"embeddable":true,"href":"https:\/\/zonaroja.com.mx\/index.php?rest_route=\/wp\/v2\/media\/20866"}],"wp:attachment":[{"href":"https:\/\/zonaroja.com.mx\/index.php?rest_route=%2Fwp%2Fv2%2Fmedia&parent=20865"}],"wp:term":[{"taxonomy":"category","embeddable":true,"href":"https:\/\/zonaroja.com.mx\/index.php?rest_route=%2Fwp%2Fv2%2Fcategories&post=20865"},{"taxonomy":"post_tag","embeddable":true,"href":"https:\/\/zonaroja.com.mx\/index.php?rest_route=%2Fwp%2Fv2%2Ftags&post=20865"}],"curies":[{"name":"wp","href":"https:\/\/api.w.org\/{rel}","templated":true}]}}