{"id":20871,"date":"2020-12-04T17:10:28","date_gmt":"2020-12-04T23:10:28","guid":{"rendered":"http:\/\/www.zonaroja.com.mx\/?p=20871"},"modified":"2020-12-04T17:10:31","modified_gmt":"2020-12-04T23:10:31","slug":"exige-defensoria-de-derechos-humanos-indagar-y-castigar-transfeminicidios","status":"publish","type":"post","link":"https:\/\/zonaroja.com.mx\/?p=20871","title":{"rendered":"Exige Defensor\u00eda de Derechos Humanos indagar y castigar transfeminicidios"},"content":{"rendered":"\n<p>Redacci\u00f3n\/Zona Roja.<\/p>\n\n\n\n<p>Oaxaca de Ju\u00e1rez, Oax., 4 de diciembre de 2020.- Ante los casos de transfeminicidios registrados en los \u00faltimos d\u00edas en la entidad, la Defensor\u00eda de los Derechos Humanos del Pueblo de Oaxaca (DDHPO) urgi\u00f3 a las autoridades garantizar el acceso a la verdad, justicia, reparaci\u00f3n y evitar la repetici\u00f3n de estos cr\u00edmenes de odio.<\/p>\n\n\n\n<p>En un comunicado, el organismo dio a conocer que inici\u00f3 un expediente relacionado con los transfeminicidios de Geovanna y \u201cSherlyn\u201d, luego de que se diera a conocer estos hechos con apenas un d\u00eda de diferencia, adem\u00e1s de que mostr\u00f3 su preocupaci\u00f3n ante el incremento de discursos y acciones que constituyen una amenaza a los derechos de la poblaci\u00f3n LGBTTTIQ+.<\/p>\n\n\n\n<p>La DDHPO se\u00f1al\u00f3 que las personas Lesbianas, Gays, Bisexuales, Transexuales, Trasvestis, Transg\u00e9nero, Intersexuales y Queer enfrentan graves condiciones de discriminaci\u00f3n, agresiones y cr\u00edmenes de odio, por lo que son un sector altamente vulnerable.<\/p>\n\n\n\n<p>Ante ello, se\u00f1al\u00f3 que es fundamental tomar todas las medidas necesarias para prevenir, investigar y sancionar los actos de violencia y discriminaci\u00f3n por motivos de identidad de g\u00e9nero diversas, sin importar qui\u00e9n o qui\u00e9nes los cometan y en la esfera de acci\u00f3n en la que se produzcan, as\u00ed como ofrecer reparaci\u00f3n integral a las v\u00edctimas de tales actos.<\/p>\n\n\n\n<p>En el comunicado, se pronunci\u00f3 por garantizar el derecho a la justicia de las v\u00edctimas de estos transfeminicidios y otros ocurridos en el estado, pero tambi\u00e9n, la puesta en marcha de pol\u00edticas p\u00fablicas incluyentes que combatan los prejuicios, la discriminaci\u00f3n y la violencia estructural contra las personas LGBTTTIQ+.<\/p>\n\n\n\n<p>As\u00ed tambi\u00e9n, dijo que es indispensable evitar la revictimizaci\u00f3n mediante la replicaci\u00f3n de estereotipos heteronormativos que afectan los avances sustantivos en materia de derechos humanos, respeto y reconocimiento de la diversidad sexual.<\/p>\n\n\n\n<p>La Defensor\u00eda urgi\u00f3 a las autoridades de procuraci\u00f3n y administraci\u00f3n de justicia a que atiendan los casos de Geovanna y \u201cSherlyn\u201d, as\u00ed como de otros registrados en la entidad, puesto que abatir la impunidad es fundamental para evitar la repetici\u00f3n de estos hechos.<\/p>\n\n\n\n<p>Cabe destacar que en lo que va del a\u00f1o, la DDHPO ha registrado varios expedientes por presuntas violaciones cometidas contra integrantes de la comunidad LGBTTTIQ.<\/p>\n","protected":false},"excerpt":{"rendered":"<p>Redacci\u00f3n\/Zona Roja. Oaxaca de Ju\u00e1rez, Oax., 4 de diciembre de 2020.- Ante los casos de&hellip;<\/p>\n","protected":false},"author":2,"featured_media":20872,"comment_status":"closed","ping_status":"open","sticky":false,"template":"","format":"standard","meta":{"_lmt_disableupdate":"","_lmt_disable":"","_jetpack_memberships_contains_paid_content":false,"footnotes":""},"categories":[109,47],"tags":[286],"class_list":["post-20871","post","type-post","status-publish","format-standard","has-post-thumbnail","hentry","category-minuto-a-minuto","category-zona-gris","tag-defensoria-de-los-derechos-humanos-del-pueblo-de-oaxaca"],"jetpack_featured_media_url":"https:\/\/zonaroja.com.mx\/wp-content\/uploads\/2020\/12\/Transfeminicidios-Oaxaca.jpg","jetpack_sharing_enabled":true,"_links":{"self":[{"href":"https:\/\/zonaroja.com.mx\/index.php?rest_route=\/wp\/v2\/posts\/20871","targetHints":{"allow":["GET"]}}],"collection":[{"href":"https:\/\/zonaroja.com.mx\/index.php?rest_route=\/wp\/v2\/posts"}],"about":[{"href":"https:\/\/zonaroja.com.mx\/index.php?rest_route=\/wp\/v2\/types\/post"}],"author":[{"embeddable":true,"href":"https:\/\/zonaroja.com.mx\/index.php?rest_route=\/wp\/v2\/users\/2"}],"replies":[{"embeddable":true,"href":"https:\/\/zonaroja.com.mx\/index.php?rest_route=%2Fwp%2Fv2%2Fcomments&post=20871"}],"version-history":[{"count":1,"href":"https:\/\/zonaroja.com.mx\/index.php?rest_route=\/wp\/v2\/posts\/20871\/revisions"}],"predecessor-version":[{"id":20873,"href":"https:\/\/zonaroja.com.mx\/index.php?rest_route=\/wp\/v2\/posts\/20871\/revisions\/20873"}],"wp:featuredmedia":[{"embeddable":true,"href":"https:\/\/zonaroja.com.mx\/index.php?rest_route=\/wp\/v2\/media\/20872"}],"wp:attachment":[{"href":"https:\/\/zonaroja.com.mx\/index.php?rest_route=%2Fwp%2Fv2%2Fmedia&parent=20871"}],"wp:term":[{"taxonomy":"category","embeddable":true,"href":"https:\/\/zonaroja.com.mx\/index.php?rest_route=%2Fwp%2Fv2%2Fcategories&post=20871"},{"taxonomy":"post_tag","embeddable":true,"href":"https:\/\/zonaroja.com.mx\/index.php?rest_route=%2Fwp%2Fv2%2Ftags&post=20871"}],"curies":[{"name":"wp","href":"https:\/\/api.w.org\/{rel}","templated":true}]}}